{"id":716584,"date":"2026-01-14T02:45:18","date_gmt":"2026-01-14T02:45:18","guid":{"rendered":"https:\/\/www.europesays.com\/de\/716584\/"},"modified":"2026-01-14T02:45:18","modified_gmt":"2026-01-14T02:45:18","slug":"debatte-um-ruecktritt-von-uwe-maisch-nach-umstrittenem-video","status":"publish","type":"post","link":"https:\/\/www.europesays.com\/de\/716584\/","title":{"rendered":"Debatte um R\u00fccktritt von Uwe Maisch nach umstrittenem Video"},"content":{"rendered":"<p class=\"mb-6 text-xs md:text-m lg:text-l font-serif group-[.font-sans]:font-sans \">\n    Das Internet vergisst nicht: Dieser bekannte Leitsatz d\u00fcrfte <a href=\"https:\/\/www.ka-news.de\/ksc\/ksc-hat-ein-neues-praesidium-wer-ist-raus-wer-ist-drin-14-11-25-112768432\" target=\"_self\" class=\"underline \" rel=\"noopener\">Uwe Maisch<\/a>, Vizepr\u00e4sident des <a href=\"https:\/\/www.ka-news.de\/region\/karlsruhe\/ksc-geschichte-trainer-und-co-im-ueberblick-art-2806184\" target=\"_self\" class=\"underline \" rel=\"noopener\">Karlsruher SC<\/a>, die letzten Tage begleitet haben. <a href=\"https:\/\/www.ka-news.de\/ksc\/ksc-uwe-maisch-sorgt-mit-videobotschaft-aus-trainingslager-fuer-empoerung-13-01-2026-113149537\" target=\"_self\" class=\"underline \" rel=\"noopener\">Gedacht als ein lockerer Gru\u00df an seine Freunde, sendete Maisch eine Videobotschaft<\/a> aus dem <a href=\"https:\/\/www.ka-news.de\/ksc\/ksc-besuch-von-oben-ex-vize-pilarsky-und-ksc-gremien-schauen-im-trainingslager-vorbei-12-1-26-113145798\" target=\"_self\" class=\"underline \" rel=\"noopener\">Trainingslager des KSC im s\u00fcdspanischen Estepona<\/a>. Das \u201enicht f\u00fcr die \u00d6ffentlichkeit\u201c gedachte Video, wie es der Verein in einer Stellungnahme nannte, machte trotzdem in den sozialen Medien die Runde\u00a0\u2013 und<strong class=\"font-bold\"> sorgte f\u00fcr Emp\u00f6rung, auch bei unseren ka-news-Lesern.<\/strong>\n  <\/p>\n<p>            \u201eDer freiwillige R\u00fccktritt ist die einzige Option\u201c<\/p>\n<p class=\"mb-6 text-xs md:text-m lg:text-l font-serif group-[.font-sans]:font-sans \">\n    <strong class=\"font-bold\">Einige fordern nun seinen sofortigen R\u00fccktritt:<\/strong> \u201eHier gibt es nichts zu diskutieren. Der freiwillige R\u00fccktritt von Herrn Maisch ist die einzige Option\u201c, schreibt Clemens auf ka-news. \u201eUmgehende Freistellung. Dieses sexistische Statement geht gar nicht\u201c, ist von Tom auf Facebook zu lesen.\n  <\/p>\n<p>    <img decoding=\"async\" src=\"https:\/\/www.europesays.com\/de\/wp-content\/uploads\/2026\/01\/ksc-im-sommerlager-am-14-juli.jpg\" alt=\"Gesch\u00e4ftsf\u00fchrer des KSC MIchael Becker (l.) und Uwe Maisch, Vizepr\u00e4sident des KSC (r.). (Archivbild)\" title=\"Gesch\u00e4ftsf\u00fchrer des KSC MIchael Becker (l.) und Uwe Maisch, Vizepr\u00e4sident des KSC (r.). (Archivbild)\" class=\"h-full w-full object-cover\"\/><\/p>\n<p>      Icon vergr\u00f6\u00dfern<\/p>\n<p>    Gesch\u00e4ftsf\u00fchrer des KSC MIchael Becker (l.) und Uwe Maisch, Vizepr\u00e4sident des KSC (r.). (Archivbild)<br \/>\n    Foto: Michaela Anderer<\/p>\n<p>        Schlie\u00dfen <\/p>\n<p>      Icon Schlie\u00dfen<\/p>\n<p>        Icon vergr\u00f6\u00dfern<\/p>\n<p>        Icon verkleinern<\/p>\n<p>      Icon Pfeil bewegen<\/p>\n<p>    Gesch\u00e4ftsf\u00fchrer des KSC MIchael Becker (l.) und Uwe Maisch, Vizepr\u00e4sident des KSC (r.). (Archivbild)<br \/>\n    Foto: Michaela Anderer<\/p>\n<p class=\"mb-6 text-xs md:text-m lg:text-l font-serif group-[.font-sans]:font-sans \">\n    Viele ordnen Maischs Worte \u201esch\u00f6ne Frauen gibt es hier auch\u201c als sexistisch ein. \u201eUntragbar\u201c und \u201el\u00e4cherlich\u201c ist in den Kommentaren zu lesen.\n  <\/p>\n<p>            Folgt auf Zlatans Entlassung jetzt die von dem KSC-Vize?<\/p>\n<p class=\"mb-6 text-xs md:text-m lg:text-l font-serif group-[.font-sans]:font-sans \">\n    Nach dem <a href=\"https:\/\/www.ka-news.de\/ksc\/ksc-beendet-zusammenarbeit-mit-co-trainer-bajramovic-9-12-25-112952504\" target=\"_self\" class=\"underline \" rel=\"noopener\">pl\u00f6tzlichen Rauswurf des ehemaligen Co-Trainers Zlatan Bajramovic<\/a> Anfang Dezember 2025 ist Maischs Video der n\u00e4chste hitzig diskutierte Vorfall, der den Verein in den Augen vieler in kein gutes Licht r\u00fcckt: \u201eV\u00f6llig respektlos gegen\u00fcber Frauen. Und dazu noch arrogant und abgehoben. Gef\u00e4hrliche Mischung. Fakt ist: absolut vereinssch\u00e4digend\u201c, schreibt Manuel auf Facebook.\n  <\/p>\n<p>    <img decoding=\"async\" src=\"https:\/\/images.mgpd.de\/img\/109459578\/crop\/c16_9-w100\/1669219694\/1278422450\/ksc-vs-augsburg-dfb-achtelfinale.jpg\" alt=\"Der ehemalige Co-Trainer Zlatan Bajramovic. (Archivbild)\" title=\"Der ehemalige Co-Trainer Zlatan Bajramovic. (Archivbild)\" class=\"h-full w-full object-cover\"\/><\/p>\n<p>      Icon vergr\u00f6\u00dfern<\/p>\n<p>    Der ehemalige Co-Trainer Zlatan Bajramovic. (Archivbild)<br \/>\n    Foto: Mia<\/p>\n<p>        Schlie\u00dfen <\/p>\n<p>      Icon Schlie\u00dfen<\/p>\n<p>        Icon vergr\u00f6\u00dfern<\/p>\n<p>        Icon verkleinern<\/p>\n<p>      Icon Pfeil bewegen<\/p>\n<p>    Der ehemalige Co-Trainer Zlatan Bajramovic. (Archivbild)<br \/>\n    Foto: Mia<\/p>\n<p class=\"mb-6 text-xs md:text-m lg:text-l font-serif group-[.font-sans]:font-sans \">\n    Hans-Georg r\u00e4tselt hingegen, ob die Aussage zu Maischs Entlassung f\u00fchren k\u00f6nnte: \u201eZlatan wurde wohl grundlos entlassen. Und er liefert einen Grund. Da bin ich mal gespannt.\u201c\n  <\/p>\n<p>            \u201eEs sind flapsige Spr\u00fcche, mehr aber auch nicht\u201c<\/p>\n<p class=\"mb-6 text-xs md:text-m lg:text-l font-serif group-[.font-sans]:font-sans \">\n    Andere finden das Video nicht so schlimm. \u201eGescheit war es nicht, aber hier wird wieder aus einer Fliege ein Elefant gemacht\u201c, schreibt Markus auf ka-news. \u201eEs sind flapsige Spr\u00fcche, wenn auch etwas ungl\u00fccklich, mehr aber auch nicht.\u201c\n  <\/p>\n<p class=\"mb-6 text-xs md:text-m lg:text-l font-serif group-[.font-sans]:font-sans \">\n    <strong class=\"font-bold\">Auch Siegbert sieht in Maischs Worten keinen Skandal, der einen R\u00fccktritt zur Folge haben muss<\/strong>: \u201eWer von uns hat sich unter Freunden nicht bereits ein wenig derber ausgedr\u00fcckt, als er es in der \u00d6ffentlichkeit getan h\u00e4tte?\u201c, schreibt er auf ka-news.\n  <\/p>\n<p>            Manche warnen vor Folgen f\u00fcr die Mannschaft<\/p>\n<p class=\"mb-6 text-xs md:text-m lg:text-l font-serif group-[.font-sans]:font-sans \">\n    \u201eWir zerst\u00f6ren momentan alles, was aufgebaut wurde. Dies ist eine Gemengelage, welche nichts Gutes f\u00fcr die R\u00fcckrunde erwarten l\u00e4sst. Es sollten sich jetzt alle am Riemen rei\u00dfen, um wieder eine klare Position zu vertreten\u201c, zieht Kuno seine Bilanz auf ka-news.\n  <\/p>\n<p class=\"mb-6 text-xs md:text-m lg:text-l font-serif group-[.font-sans]:font-sans \">\n    Ob der Vorfall einen Einfluss auf das Team hat, wird sich am <strong class=\"font-bold\">Samstag, 17. Januar<\/strong>, zeigen. <strong class=\"font-bold\">Um 13 Uhr <\/strong>tritt der <a href=\"https:\/\/www.ka-news.de\/ksc\/wertvollste-mannschaften-der-2-bundesliga-hier-landet-der-karlsruher-sc-13-1-26-110588473\" target=\"_self\" class=\"underline \" rel=\"noopener\">KSC<\/a> ausw\u00e4rts gegen Preu\u00dfen M\u00fcnster an.\n  <\/p>\n<ul data-module-id=\"DragDropModule\" class=\"flex flex-wrap justify-start group-[.no-bookmarks]:hidden\">\n<li class=\"mb-3 mr-3\">\n    Franziska Gebhard<\/p>\n<p>      Icon Haken im Kreis gesetzt<\/p>\n<p>      Icon Plus im Kreis<\/p>\n<\/li>\n<li class=\"mb-3 mr-3\">\n    Karlsruher SC<\/p>\n<p>      Icon Haken im Kreis gesetzt<\/p>\n<p>      Icon Plus im Kreis<\/p>\n<\/li>\n<li class=\"mb-3 mr-3\">\n    Videobotschaft<\/p>\n<p>      Icon Haken im Kreis gesetzt<\/p>\n<p>      Icon Plus im Kreis<\/p>\n<\/li>\n<\/ul>\n","protected":false},"excerpt":{"rendered":"Das Internet vergisst nicht: Dieser bekannte Leitsatz d\u00fcrfte Uwe Maisch, Vizepr\u00e4sident des Karlsruher SC, die letzten Tage begleitet&hellip;\n","protected":false},"author":2,"featured_media":716585,"comment_status":"","ping_status":"","sticky":false,"template":"","format":"standard","meta":{"footnotes":""},"categories":[1844],"tags":[1634,3364,29,160432,291,30,8903,3850,7650,1763,77025,38916,153049],"class_list":{"0":"post-716584","1":"post","2":"type-post","3":"status-publish","4":"format-standard","5":"has-post-thumbnail","7":"category-karlsruhe","8":"tag-baden-wuerttemberg","9":"tag-de","10":"tag-deutschland","11":"tag-estepona","12":"tag-facebook","13":"tag-germany","14":"tag-karlsruhe","15":"tag-karlsruher-sc","16":"tag-preussen-muenster","17":"tag-ruecktritt","18":"tag-uwe-maisch","19":"tag-videobotschaft","20":"tag-zlatan-bajramovic"},"share_on_mastodon":{"url":"https:\/\/pubeurope.com\/@de\/115891163944764754","error":""},"_links":{"self":[{"href":"https:\/\/www.europesays.com\/de\/wp-json\/wp\/v2\/posts\/716584","targetHints":{"allow":["GET"]}}],"collection":[{"href":"https:\/\/www.europesays.com\/de\/wp-json\/wp\/v2\/posts"}],"about":[{"href":"https:\/\/www.europesays.com\/de\/wp-json\/wp\/v2\/types\/post"}],"author":[{"embeddable":true,"href":"https:\/\/www.europesays.com\/de\/wp-json\/wp\/v2\/users\/2"}],"replies":[{"embeddable":true,"href":"https:\/\/www.europesays.com\/de\/wp-json\/wp\/v2\/comments?post=716584"}],"version-history":[{"count":0,"href":"https:\/\/www.europesays.com\/de\/wp-json\/wp\/v2\/posts\/716584\/revisions"}],"wp:featuredmedia":[{"embeddable":true,"href":"https:\/\/www.europesays.com\/de\/wp-json\/wp\/v2\/media\/716585"}],"wp:attachment":[{"href":"https:\/\/www.europesays.com\/de\/wp-json\/wp\/v2\/media?parent=716584"}],"wp:term":[{"taxonomy":"category","embeddable":true,"href":"https:\/\/www.europesays.com\/de\/wp-json\/wp\/v2\/categories?post=716584"},{"taxonomy":"post_tag","embeddable":true,"href":"https:\/\/www.europesays.com\/de\/wp-json\/wp\/v2\/tags?post=716584"}],"curies":[{"name":"wp","href":"https:\/\/api.w.org\/{rel}","templated":true}]}}