{"id":717202,"date":"2026-01-14T08:42:14","date_gmt":"2026-01-14T08:42:14","guid":{"rendered":"https:\/\/www.europesays.com\/de\/717202\/"},"modified":"2026-01-14T08:42:14","modified_gmt":"2026-01-14T08:42:14","slug":"handball-em-2026-deutschland-oesterreich-live-im-free-tv-und-stream","status":"publish","type":"post","link":"https:\/\/www.europesays.com\/de\/717202\/","title":{"rendered":"Handball-EM 2026: Deutschland &#8211; \u00d6sterreich live im Free-TV und Stream"},"content":{"rendered":"<p class=\"mb-6 text-xs md:text-m lg:text-l font-serif group-[.font-sans]:font-sans \">\n    Im Januar 2026 r\u00fcckt der internationale Handball mit der Europameisterschaft der M\u00e4nner erneut in den Fokus. Das Turnier findet in D\u00e4nemark, Schweden und Norwegen statt. Gespielt wird unter anderem in Herning, Oslo und Malm\u00f6. Die Europameisterschaft folgt auf die Weltmeisterschaft 2025, aus der D\u00e4nemark als Weltmeister hervorging. Deutschland beendete das Turnier auf dem sechsten Platz, \u00d6sterreich schied nach der Hauptrunde aus und landete im hinteren Tabellenbereich.\n  <\/p>\n<p class=\"mb-6 text-xs md:text-m lg:text-l font-serif group-[.font-sans]:font-sans \">\n    Bundestrainer Alfred Gislason hat den Kader der deutschen Nationalmannschaft benannt. Mit 18 Spielern geht das Team in das Turnier, in dem zun\u00e4chst die Vorrundenspiele gegen \u00d6sterreich, Serbien und Spanien anstehen. Ziel ist es, sich f\u00fcr die zweite Turnierphase zu qualifizieren, in der unter anderem Gastgeber D\u00e4nemark zu den m\u00f6glichen Gegnern z\u00e4hlt. Gislason setzt dabei auf eine eingespielte, zugleich weiterhin junge Mannschaft. Aufgrund des Turniermodus ist ein erfolgreicher Start in die Vorrunde von besonderer Bedeutung, da nur die beiden besten Teams weiterkommen und Ergebnisse mitgenommen werden. Angef\u00fchrt wird die deutsche Auswahl von Kapit\u00e4n Johannes Golla. Zu den erfahrensten Spielern im Kader z\u00e4hlt Torwart Andreas Wolff, der bereits mehrere internationale Turniere bestritten hat und ebenso wie Rune Dahmke und Jannik Kohlbacher Teil der Mannschaft war, die 2016 den Europameistertitel gewann.\n  <\/p>\n<p class=\"mb-6 text-xs md:text-m lg:text-l font-serif group-[.font-sans]:font-sans \">\n    Insgesamt nehmen 24 Nationalmannschaften an der EM teil. Die Vorrunde bildet den Auftakt des Turniers, gefolgt von der Hauptrunde und der K.-O.-Phase. Die deutsche Nationalmannschaft bestreitet laut <a href=\"https:\/\/www.augsburger-allgemeine.de\/sport\/handball-em-2026-spielplan-gruppen-14-1-26-113001174\" target=\"_self\" class=\"underline \" rel=\"noopener\">Spielplan<\/a> alle Turnierspiele in Herning. Zum Auftakt der Gruppenphase kommt es zum Duell zwischen Deutschland und \u00d6sterreich. F\u00fcr beide Mannschaften markiert die Partie den Beginn der Europameisterschaft und den Start in die Vorrunde.\n  <\/p>\n<p class=\"mb-6 text-xs md:text-m lg:text-l font-serif group-[.font-sans]:font-sans \">\n    L\u00e4uft das Deutschlandspiel im Free-TV? Wo findet die \u00dcbertragung der Partie statt? Und wie ist die Bilanz der beiden Teams? Antworten auf diese Fragen und weitere Infos rund um die Partie Deutschland gegen \u00d6sterreich in der Handball-EM 2026 finden Sie hier.\n  <\/p>\n<p>            Handball-EM 2026: Deutschland gegen \u00d6sterreich \u2013 Termin und Uhrzeit<\/p>\n<p class=\"mb-6 text-xs md:text-m lg:text-l font-serif group-[.font-sans]:font-sans \">\n    Bei der Handball-Europameisterschaft 2026 trifft die deutsche Nationalmannschaft auf \u00d6sterreich. Die Partie wird am 15. Januar 2026 um 20.30 Uhr in der Jyske Bank Boxen Herning angepfiffen. Austragungsort ist damit jene Arena, in der Deutschland alle seine Turnierspiele bestreitet.\n  <\/p>\n<p>            Deutschland \u2013 \u00d6sterreich live im Free-TV und Stream: \u00dcbertragung der Handball-EM 2026<\/p>\n<p class=\"mb-6 text-xs md:text-m lg:text-l font-serif group-[.font-sans]:font-sans \">\n    Die <a href=\"https:\/\/www.augsburger-allgemeine.de\/sport\/handball-em-2026-uebertragung-im-free-tv-und-kostenlos-im-stream-14-1-26-113026661\" target=\"_self\" class=\"underline \" rel=\"noopener\">\u00dcbertragung der Handball-EM 2026<\/a> ist sowohl im Free-TV als auch im Stream gesichert. Die Partien der deutschen Nationalmannschaft werden wie bei vergangenen Gro\u00dfturnieren im Wechsel von ARD und <a href=\"https:\/\/www.zdf.de\/live-tv\" rel=\"nofollow noopener\" target=\"_blank\" class=\"underline \">ZDF<\/a> ausgestrahlt. Zus\u00e4tzlich zeigen \u00f6ffentlich-rechtlichen Sender weitere Spiele des Turniers \u00fcber ihre digitalen Plattformen. Erg\u00e4nzend dazu \u00fcbertr\u00e4gt der Streamingdienst <a href=\"https:\/\/www.dyn.sport\/deinsender\/handball-em-2026?utm_source_platform=g&amp;utm_campaign=C%3ADE_L%3ADE_SC%3ABR_CT%3ABrand_ST%3AMulti_G%3ASUB&amp;utm_id=id1%3A101-862-0923_id2%3A20138860281_id3%3A155002793686&amp;gad_source=1&amp;gad_campaignid=20138860281&amp;gbraid=0AAAAApji4i2ogV_hwO1jXUW3AuTsmesWH&amp;gclid=Cj0KCQiAxonKBhC1ARIsAIHq_ltU6U4vtwthcm8MOeiUk7DiwCqNEDsCk9I_YVqoor82AkrITvQsvgUaArUzEALw_wcB\" rel=\"nofollow noopener\" target=\"_blank\" class=\"underline \">Dyn<\/a> alle Begegnungen der Europameisterschaft.\n  <\/p>\n<p class=\"mb-6 text-xs md:text-m lg:text-l font-serif group-[.font-sans]:font-sans \">\n    Das Vorrundenspiel zwischen Deutschland und \u00d6sterreich wird am 15. Januar 2026 um 20.30 Uhr live in der ARD gezeigt. Parallel steht die Begegnung dort im Livestream zur Verf\u00fcgung und markiert f\u00fcr beide Teams den Start der EM.\n  <\/p>\n<p class=\"mb-6 text-xs md:text-m lg:text-l font-serif group-[.font-sans]:font-sans \">\n    Um alle Infos im Auge zu behalten, dient diese \u00dcbersicht:\n  <\/p>\n<ul rel=\"\" class=\"[&amp;&gt;li]:relative list-none  [&amp;&gt;li]:pl-[1.2em] [&amp;&gt;li]:marker:text-[0] [&amp;&gt;li]:relative [&amp;&gt;li]:before:absolute [&amp;&gt;li]:before:w-3 [&amp;&gt;li]:before:h-3 [&amp;&gt;li]:before:bg-brand [&amp;&gt;li]:before:left-0 [&amp;&gt;li]:before:top-[8px] [&amp;&gt;li]:before:rounded-full  my-5\">\n<li class=\" mb-3 text-xs md:text-m lg:text-l\">Spiel: Deutschland vs. \u00d6sterreich, Handball-EM 2026, Vorrunde<\/li>\n<li class=\" mb-3 text-xs md:text-m lg:text-l\">Datum: 15.01.2026<\/li>\n<li class=\" mb-3 text-xs md:text-m lg:text-l\">Uhrzeit: 20.30 Uhr<\/li>\n<li class=\" mb-3 text-xs md:text-m lg:text-l\">Stadion: Jyske Bank Boxen, Herning (D\u00e4nemark)<\/li>\n<li class=\" mb-3 text-xs md:text-m lg:text-l\">\u00dcbertragung im Free-TV: ARD<\/li>\n<li class=\" mb-3 text-xs md:text-m lg:text-l\">\u00dcbertragung im kostenpflichtigen Livestream: <a href=\"https:\/\/sportdeutschland.tv\/handball-maenner-wm-2025\/wm-maenner-deutschland-vs-polen-gruppe-a\" rel=\"nofollow noopener\" target=\"_blank\" class=\"underline \">Sportdeutschland.TV<\/a><\/li>\n<li class=\" mb-3 text-xs md:text-m lg:text-l\">\u00dcbertragung im Gratis-Livestream: <a href=\"https:\/\/www.ardmediathek.de\/live\" rel=\"nofollow noopener\" target=\"_blank\" class=\"underline \">ARD<\/a><\/li>\n<\/ul>\n<p>            Deutschland vs. \u00d6sterreich: Die Bilanz der beiden Handballnationalmannschaften<\/p>\n<p class=\"mb-6 text-xs md:text-m lg:text-l font-serif group-[.font-sans]:font-sans \">\n    Deutschland und \u00d6sterreich sind bislang 24-mal in L\u00e4nderspielen aufeinandergetroffen. Laut <a href=\"https:\/\/www.kicker.de\/deutschland-hb-gegen-oesterreich-hb\" rel=\"nofollow noopener\" target=\"_blank\" class=\"underline \">kicker.de<\/a> gewann die deutsche Auswahl dabei 19 Begegnungen, drei Partien endeten unentschieden und zwei Spiele entschied \u00d6sterreich f\u00fcr sich. In der Turnierhistorie kommt Deutschland zudem auf drei Weltmeistertitel und zwei Europameisterschaften. Das bislang letzte Aufeinandertreffen der beiden Mannschaften fand in der EM-Qualifikation statt und endete mit einem 31:26-Erfolg f\u00fcr Deutschland.\n  <\/p>\n<ul data-module-id=\"DragDropModule\" class=\"flex flex-wrap justify-start group-[.no-bookmarks]:hidden\">\n<li class=\"mb-3 mr-3\">\n    Sarina Franke<\/p>\n<p>      Icon Haken im Kreis gesetzt<\/p>\n<p>      Icon Plus im Kreis<\/p>\n<\/li>\n<\/ul>\n","protected":false},"excerpt":{"rendered":"Im Januar 2026 r\u00fcckt der internationale Handball mit der Europameisterschaft der M\u00e4nner erneut in den Fokus. Das Turnier&hellip;\n","protected":false},"author":2,"featured_media":717203,"comment_status":"","ping_status":"","sticky":false,"template":"","format":"standard","meta":{"footnotes":""},"categories":[2],"tags":[331,3924,332,3922,3364,29,30,13,14,3923,15,3921,12],"class_list":{"0":"post-717202","1":"post","2":"type-post","3":"status-publish","4":"format-standard","5":"has-post-thumbnail","7":"category-deutschland","8":"tag-aktuelle-nachrichten","9":"tag-aktuelle-nachrichten-aus-deutschland","10":"tag-aktuelle-news","11":"tag-aktuelle-news-aus-deutschland","12":"tag-de","13":"tag-deutschland","14":"tag-germany","15":"tag-headlines","16":"tag-nachrichten","17":"tag-nachrichten-aus-deutschland","18":"tag-news","19":"tag-news-aus-deutschland","20":"tag-schlagzeilen"},"share_on_mastodon":{"url":"https:\/\/pubeurope.com\/@de\/115892567657830864","error":""},"_links":{"self":[{"href":"https:\/\/www.europesays.com\/de\/wp-json\/wp\/v2\/posts\/717202","targetHints":{"allow":["GET"]}}],"collection":[{"href":"https:\/\/www.europesays.com\/de\/wp-json\/wp\/v2\/posts"}],"about":[{"href":"https:\/\/www.europesays.com\/de\/wp-json\/wp\/v2\/types\/post"}],"author":[{"embeddable":true,"href":"https:\/\/www.europesays.com\/de\/wp-json\/wp\/v2\/users\/2"}],"replies":[{"embeddable":true,"href":"https:\/\/www.europesays.com\/de\/wp-json\/wp\/v2\/comments?post=717202"}],"version-history":[{"count":0,"href":"https:\/\/www.europesays.com\/de\/wp-json\/wp\/v2\/posts\/717202\/revisions"}],"wp:featuredmedia":[{"embeddable":true,"href":"https:\/\/www.europesays.com\/de\/wp-json\/wp\/v2\/media\/717203"}],"wp:attachment":[{"href":"https:\/\/www.europesays.com\/de\/wp-json\/wp\/v2\/media?parent=717202"}],"wp:term":[{"taxonomy":"category","embeddable":true,"href":"https:\/\/www.europesays.com\/de\/wp-json\/wp\/v2\/categories?post=717202"},{"taxonomy":"post_tag","embeddable":true,"href":"https:\/\/www.europesays.com\/de\/wp-json\/wp\/v2\/tags?post=717202"}],"curies":[{"name":"wp","href":"https:\/\/api.w.org\/{rel}","templated":true}]}}