{"id":717217,"date":"2026-01-14T08:51:18","date_gmt":"2026-01-14T08:51:18","guid":{"rendered":"https:\/\/www.europesays.com\/de\/717217\/"},"modified":"2026-01-14T08:51:18","modified_gmt":"2026-01-14T08:51:18","slug":"probealarm-an-dresdner-sirenen-am-mittwoch","status":"publish","type":"post","link":"https:\/\/www.europesays.com\/de\/717217\/","title":{"rendered":"Probealarm an Dresdner Sirenen am Mittwoch"},"content":{"rendered":"\n<p>Am Mittwoch, dem 14. Januar 2025, um 15 Uhr ert\u00f6nten in Dresden f\u00fcr zw\u00f6lf Sekunden stadtweit die Sirenen. Das Signal bestand aus einem an- und abschwellenden Ton mit anschlie\u00dfendem Gong. Die Stadt f\u00fchrt solche Tests regelm\u00e4\u00dfig durch, um ihre Warnsysteme zu \u00fcberpr\u00fcfen. <\/p>\n<p>In Dresden sind mehr als 200 moderne Sirenenanlagen installiert. Das System gilt als nahezu fl\u00e4chendeckend. Neben akustischen Signalen k\u00f6nnen auch Sprachdurchsagen erfolgen. Diese Funktion erm\u00f6glicht pr\u00e4zisere Warnhinweise im Ernstfall. Durch Akkupufferung bleiben die Sirenen bis zu 48 Stunden auch ohne Strom einsatzbereit. <\/p>\n<p>Das Brand- und Katastrophenschutzamt der Stadt Dresden testet das Warnsystem viermal pro Jahr. Die Probealarme finden jeweils am zweiten Mittwoch eines Quartals statt. Ein echter Sirenenalarm unterscheidet sich vom Test. Der Feueralarm besteht aus drei Heult\u00f6nen von je zw\u00f6lf Sekunden mit ebenso langen Pausen. Der Gefahrenalarm besteht aus sechs Heult\u00f6nen von jeweils f\u00fcnf Sekunden mit f\u00fcnf Sekunden Pause dazwischen. <\/p>\n<p>Der Begriff \u201eSirene\u201c stammt aus der griechischen Mythologie. Dort verf\u00fchrten Sirenen mit ihrem Gesang Seefahrer in den Tod. Auch Odysseus begegnete ihnen in der Sage. Um ihrem Gesang zu widerstehen, lie\u00df er sich am Mast seines Schiffs festbinden. <\/p>\n<p>Zus\u00e4tzliche Informationen zum Warnsystem, eine H\u00f6rprobe des Alarmsignals und eine \u00dcbersicht der Sirenenstandorte bietet die Website der Stadt Dresden. Aktuelle Hinweise gibt es auch auf den Social-Media-Kan\u00e4len der Feuerwehr Dresden. <\/p>\n<p>Infos zum Sirenenalarm  Dresdner Feuerwehr in den social-media-Kan\u00e4len <\/p>\n<p>Schnelle und illustrierte Nachrichten gibt es auf <a href=\"https:\/\/www.threads.net\/@feuerwehr_dresden\" rel=\"nofollow noopener\" target=\"_blank\">Threads<\/a>, <a href=\"https:\/\/www.facebook.com\/dresden.112.feuerwehr\" rel=\"nofollow noopener\" target=\"_blank\">Facebook<\/a>, <a href=\"https:\/\/www.instagram.com\/feuerwehr_dresden\" rel=\"nofollow noopener\" target=\"_blank\">Instagram<\/a> und <a href=\"https:\/\/www.youtube.com\/feuerwehr_dresden\" rel=\"nofollow noopener\" target=\"_blank\">Youtube<\/a> und auf <a href=\"https:\/\/www.dresden.de\/de\/rathaus\/aemter-und-einrichtungen\/unternehmen\/feuerwehr\/katastrophenschutz\/sirenen-warnsystem.php\" rel=\"nofollow noopener\" target=\"_blank\">dresden.de<\/a>. <\/p>\n<p>   <script async src=\"\/\/www.instagram.com\/embed.js\"><\/script><\/p>\n","protected":false},"excerpt":{"rendered":"Am Mittwoch, dem 14. Januar 2025, um 15 Uhr ert\u00f6nten in Dresden f\u00fcr zw\u00f6lf Sekunden stadtweit die Sirenen.&hellip;\n","protected":false},"author":2,"featured_media":412774,"comment_status":"","ping_status":"","sticky":false,"template":"","format":"standard","meta":{"footnotes":"","_share_on_mastodon":"0"},"categories":[1835],"tags":[108887,3364,29,2386,30,85416,37752,77559,859],"class_list":["post-717217","post","type-post","status-publish","format-standard","has-post-thumbnail","category-dresden","tag-sirene","tag-de","tag-deutschland","tag-dresden","tag-germany","tag-mickten","tag-pieschen","tag-probealarm","tag-sachsen"],"share_on_mastodon":{"url":"https:\/\/pubeurope.com\/@de\/115892603059472255","error":""},"_links":{"self":[{"href":"https:\/\/www.europesays.com\/de\/wp-json\/wp\/v2\/posts\/717217","targetHints":{"allow":["GET"]}}],"collection":[{"href":"https:\/\/www.europesays.com\/de\/wp-json\/wp\/v2\/posts"}],"about":[{"href":"https:\/\/www.europesays.com\/de\/wp-json\/wp\/v2\/types\/post"}],"author":[{"embeddable":true,"href":"https:\/\/www.europesays.com\/de\/wp-json\/wp\/v2\/users\/2"}],"replies":[{"embeddable":true,"href":"https:\/\/www.europesays.com\/de\/wp-json\/wp\/v2\/comments?post=717217"}],"version-history":[{"count":0,"href":"https:\/\/www.europesays.com\/de\/wp-json\/wp\/v2\/posts\/717217\/revisions"}],"wp:featuredmedia":[{"embeddable":true,"href":"https:\/\/www.europesays.com\/de\/wp-json\/wp\/v2\/media\/412774"}],"wp:attachment":[{"href":"https:\/\/www.europesays.com\/de\/wp-json\/wp\/v2\/media?parent=717217"}],"wp:term":[{"taxonomy":"category","embeddable":true,"href":"https:\/\/www.europesays.com\/de\/wp-json\/wp\/v2\/categories?post=717217"},{"taxonomy":"post_tag","embeddable":true,"href":"https:\/\/www.europesays.com\/de\/wp-json\/wp\/v2\/tags?post=717217"}],"curies":[{"name":"wp","href":"https:\/\/api.w.org\/{rel}","templated":true}]}}