{"id":717365,"date":"2026-01-14T10:13:22","date_gmt":"2026-01-14T10:13:22","guid":{"rendered":"https:\/\/www.europesays.com\/de\/717365\/"},"modified":"2026-01-14T10:13:22","modified_gmt":"2026-01-14T10:13:22","slug":"herabfallende-eisplatten-krachen-auf-auto","status":"publish","type":"post","link":"https:\/\/www.europesays.com\/de\/717365\/","title":{"rendered":"Herabfallende Eisplatten krachen auf Auto"},"content":{"rendered":"<p>A4 bei Dresden <\/p>\n<p>Herabfallende Eisplatten krachen auf Auto<\/p>\n<p>14.01.2026 &#8211; 10:26 UhrLesedauer: 1 Min.<\/p>\n<p><a href=\"#focus-0\" class=\"transition-colors duration-200 block text-current relative\" data-sctrack=\"FocusGalleryImage.Reference\"><img fetchpriority=\"high\" data-testid=\"Opener.Image\" style=\"--lqipURL:url('https:\/\/images.t-online.de\/2026\/01\/zcqy6IVER6lw\/0x61:2048x1152\/fit-in\/150x0\/filters:blur(25)\/die-polizei-hat-die-ermittlungen-aufgenommen-symbolbild.jpg')\"   loading=\"eager\" src=\"https:\/\/www.europesays.com\/de\/wp-content\/uploads\/2026\/01\/die-polizei-hat-die-ermittlungen-aufgenommen-symbolbild.jpg\" alt=\"Polizei - Unfall\" title=\"Polizei - Unfall\" width=\"2048\" height=\"1152\" class=\"bg-[url:var(--lqipURL)] bg-cover bg-center flex h-full w-full max-w-full\" decoding=\"async\"\/><img style=\"--width:32;--height:32\" loading=\"lazy\" src=\"https:\/\/dresden.t-online.de\/s\/paper\/_next\/static\/media\/zoom-in.f7dae02f.svg\" alt=\"Vergr\u00f6\u00dfern des Bildes\" title=\"Vergr\u00f6\u00dfern des Bildes\" class=\"block h-[calc(var(--height)_\/_16_*_1rem)] w-[calc(var(--width)_\/_16_*_1rem)] max-w-none absolute bottom-8 right-8 rounded-4 bg-snow p-8\" decoding=\"async\"\/><\/a><\/p>\n<p>Der Schriftzug &#8222;Unfall&#8220; leuchtet auf einem Polizeiauto (Symbolbild): Die Beamten mahnen dazu, vor jeder Fahrt Schnee und Eis vollst\u00e4ndig am Fahrzeug zu entfernen. (Quelle: Carsten Rehder\/dpa\/dpa-bilder)<\/p>\n<p class=\"font-bold text-18 leading-17\">Ein Spurwechsel wurde am Dienstagmorgen f\u00fcr einen Autofahrer zum Schrecken. Der 48-J\u00e4hrige blieb unbeschadet, sein Dacia jedoch nicht.<\/p>\n<p class=\"text-18 leading-17\">Herabfallende Eisplatten von einem Lkw haben am Dienstagvormittag auf der A4 einen Dacia Duster besch\u00e4digt. Das teilte die Polizei Dresden mit.<\/p>\n<p class=\"text-18 leading-17\">Der Unfall ereignete sich demnach gegen 9.20 Uhr am Autobahndreieck Dresden-Nord. Ein 49-j\u00e4hriger Lkw-Fahrer sei mit seinem Sattelzug in Richtung Chemnitz unterwegs gewesen. Als er die Spur wechselte, h\u00e4tten sich mehrere Eisplatten vom Fahrzeug gel\u00f6st und seien auf den dahinterfahrenden Dacia geprallt.<\/p>\n<p class=\"text-18 leading-17\">Die Frontscheibe des Wagens sei dabei besch\u00e4digt worden. Der 48-j\u00e4hrige Fahrer sei unverletzt geblieben. Den Sachschaden sch\u00e4tzt die Polizei auf rund 2.500 Euro.<\/p>\n","protected":false},"excerpt":{"rendered":"A4 bei Dresden Herabfallende Eisplatten krachen auf Auto 14.01.2026 &#8211; 10:26 UhrLesedauer: 1 Min. Der Schriftzug &#8222;Unfall&#8220; leuchtet&hellip;\n","protected":false},"author":2,"featured_media":710186,"comment_status":"","ping_status":"","sticky":false,"template":"","format":"standard","meta":{"footnotes":""},"categories":[1835],"tags":[513,1657,3364,29,2386,165246,514,30,121,15580,859,49020,1284],"class_list":{"0":"post-717365","1":"post","2":"type-post","3":"status-publish","4":"format-standard","5":"has-post-thumbnail","7":"category-dresden","8":"tag-auto","9":"tag-dacia","10":"tag-de","11":"tag-deutschland","12":"tag-dresden","13":"tag-eisplatte","14":"tag-fahrzeug","15":"tag-germany","16":"tag-polizei","17":"tag-polizeiauto","18":"tag-sachsen","19":"tag-spurwechsel","20":"tag-unfall"},"share_on_mastodon":{"url":"https:\/\/pubeurope.com\/@de\/115892925614046882","error":""},"_links":{"self":[{"href":"https:\/\/www.europesays.com\/de\/wp-json\/wp\/v2\/posts\/717365","targetHints":{"allow":["GET"]}}],"collection":[{"href":"https:\/\/www.europesays.com\/de\/wp-json\/wp\/v2\/posts"}],"about":[{"href":"https:\/\/www.europesays.com\/de\/wp-json\/wp\/v2\/types\/post"}],"author":[{"embeddable":true,"href":"https:\/\/www.europesays.com\/de\/wp-json\/wp\/v2\/users\/2"}],"replies":[{"embeddable":true,"href":"https:\/\/www.europesays.com\/de\/wp-json\/wp\/v2\/comments?post=717365"}],"version-history":[{"count":0,"href":"https:\/\/www.europesays.com\/de\/wp-json\/wp\/v2\/posts\/717365\/revisions"}],"wp:featuredmedia":[{"embeddable":true,"href":"https:\/\/www.europesays.com\/de\/wp-json\/wp\/v2\/media\/710186"}],"wp:attachment":[{"href":"https:\/\/www.europesays.com\/de\/wp-json\/wp\/v2\/media?parent=717365"}],"wp:term":[{"taxonomy":"category","embeddable":true,"href":"https:\/\/www.europesays.com\/de\/wp-json\/wp\/v2\/categories?post=717365"},{"taxonomy":"post_tag","embeddable":true,"href":"https:\/\/www.europesays.com\/de\/wp-json\/wp\/v2\/tags?post=717365"}],"curies":[{"name":"wp","href":"https:\/\/api.w.org\/{rel}","templated":true}]}}