{"id":717390,"date":"2026-01-14T10:28:14","date_gmt":"2026-01-14T10:28:14","guid":{"rendered":"https:\/\/www.europesays.com\/de\/717390\/"},"modified":"2026-01-14T10:28:14","modified_gmt":"2026-01-14T10:28:14","slug":"ueberdimensioniert-bickendorfer-lehnen-plaene-der-stadt-fuer-neue-schule-ab","status":"publish","type":"post","link":"https:\/\/www.europesays.com\/de\/717390\/","title":{"rendered":"\u201e\u00dcberdimensioniert\u201c: Bickendorfer lehnen Pl\u00e4ne der Stadt f\u00fcr neue Schule ab"},"content":{"rendered":"<p class=\"dm-paragraph my-8 dm-article-content-width\" index=\"0\" should-collapse-on-mobile=\"true\" has-padding=\"\" data-v-586984a4=\"\">Bauz\u00e4une, Bagger, Baumaterial \u2013 alles vor Ort, und die Motors\u00e4ge bereitet kreischend Baumf\u00e4llungen vor. Auf dem Gel\u00e4nde des Lindweiler Hofs haben die Arbeiten f\u00fcr eine neue weiterf\u00fchrende Schule plus Kita begonnen, zun\u00e4chst werden noch die \u00fcbriggebliebenen Geb\u00e4ude &#8211; bis auf das denkmalgesch\u00fctzte Herrenhaus &#8211; abgerissen. Im April soll der Rohbau starten, auf einem Wurfzettel versichert die Abteilung \u00d6ffentlichkeitsarbeit der st\u00e4dtischen Geb\u00e4udewirtschaft den Anwohnern, man sei darauf bedacht, \u201edie Ihnen entstehenden Unannehmlichkeiten so gering wie m\u00f6glich zu halten.\u201c<\/p>\n<p class=\"dm-paragraph my-8 dm-article-content-width\" index=\"1\" should-collapse-on-mobile=\"true\" has-padding=\"\" data-v-586984a4=\"\">F\u00fcr viele klingt das wie Hohn angesichts der zahlreichen Bedenken gegen das Schulbauprojekt an der Rochusstra\u00dfe 80. Mit einer Flut von Protestschreiben haben sie auf den Baubeginn reagiert und die Kritikpunkte noch einmal wiederholt: Die f\u00fcr 1.000 Sch\u00fcler ausgelegte Schule sei \u00fcberdimensioniert, der abzusehenden Verkehrsbelastung sei der alte Ortskern nicht gewachsen, und gegen eine Wiederholung der Bickendorfer Flutkatastrophe von 2021 w\u00fcrden nur unzureichende Vorkehrungen getroffen.<\/p>\n<p>\u201eK\u00fcnstler f\u00fcr Bickendorf\u201c stellen Arbeit am Kulturpfad aus Protest gegen die mangelnde B\u00fcrgerbeteiligung ein<\/p>\n<p class=\"dm-paragraph my-8 dm-article-content-width\" index=\"3\" should-collapse-on-mobile=\"true\" has-padding=\"\" data-v-586984a4=\"\">Und die <a href=\"https:\/\/www.ksta.de\/koeln\/ehrenfeld\/bickendorf\/schulneubau-in-koeln-bickendorfer-fordern-beteiligung-an-der-planung-fuer-den-lindweiler-hof-1-1097711\" target=\"_blank\" rel=\"noopener\">alternativen Vorschl\u00e4ge der Initiative \u201eK\u00fcnstler f\u00fcr Bickendorf\u201c, die eine Begrenzung auf 600 Sch\u00fcler und ein gro\u00dfes, oberirdisches Retentionsbecken<\/a> empfiehlt, hat die Verwaltung nach Ansicht vieler B\u00fcrger nie ernsthaft gew\u00fcrdigt. Eine echte B\u00fcrgerbeteiligung habe nie stattgefunden. Besonders schwer wiegt die Ank\u00fcndigung der \u201eK\u00fcnstler f\u00fcr Bickendorf\u201c, das Projekt \u201eKulturpfad Bickendorf\u201c einzustellen, mit dem sie seit 2018 auf bedeutsame Geb\u00e4ude des Stadtteils aufmerksam machen. Von einem \u201eGef\u00fchl der Hoffnungslosigkeit\u201c ist die Rede, denn der vier- bis f\u00fcnfgeschossige Schulbau werde das Herrenhaus, aber auch das Schiff der benachbarten Rochuskirche verdecken und die historischen Sichtachsen zustellen.<\/p>\n<p><img decoding=\"async\" width=\"1920\" height=\"1080\" alt=\"Eine Visualisierung zeigt eine Stra\u00dfe, an der ein gro\u00dfes Schulgeb\u00e4ude neben einem alten historischen Geb\u00e4ude zu sehen ist. Im Hintergrund die Rochuskirche.\" loading=\"lazy\" onerror=\"this.setAttribute('data-error', 1)\" class=\"current-image dm-figure__image  dm-figure__image-loading\" data-nuxt-pic=\"\" src=\"https:\/\/www.europesays.com\/de\/wp-content\/uploads\/2026\/01\/0516658c-4ce7-4307-bb65-47fdfb2b3d27.jpeg\"  \/><\/p>\n<p class=\"dm-figure__subline\" data-v-2029046b=\"\">An der Rochusstra\u00dfe soll auf dem Gel\u00e4nde der inzwischen abgebrochenen F\u00f6rderschule Lindweiler Hof ein neues Schulgeb\u00e4ude entstehen.<\/p>\n<p class=\"dm-figure__copyright\" data-v-2029046b=\"\">Copyright: Molestina Architekten + Stadtplaner<\/p>\n<p class=\"dm-paragraph my-8 dm-article-content-width\" index=\"5\" should-collapse-on-mobile=\"true\" has-padding=\"\" data-v-586984a4=\"\">Michael Schmitz, Mitglied der Initiative, hat laut eigenen Angaben \u201ein den letzten 40 Jahren 20 Geb\u00e4ude rund um den Bickendorfer Kreisel renoviert oder neu gebaut\u201c. In einem gesonderten Brief, der auch an OB Torsten Burmester adressiert ist, wird er noch deutlicher: \u201eFassungslos\u201c sei er, schreibt Schmitz, er beklagt sich \u00fcber die \u201eGutsherrenart\u201c der Verwaltung, spricht von B\u00fcrgersinn, der \u201emit F\u00fc\u00dfen getreten\u201c werde, k\u00fcndigt an, \u201enie wieder an einer Kommunalwahl\u201c teilzunehmen.<\/p>\n<p>Termin mit Vertretern der Stadt am 20. Januar<\/p>\n<p class=\"dm-paragraph my-8 dm-article-content-width\" index=\"7\" should-collapse-on-mobile=\"true\" has-padding=\"\" data-v-586984a4=\"\">Die Welle der Proteste und nicht zuletzt die Nachricht \u00fcber die Einstellung des \u201eBickendorfer Kulturpfades\u201c haben Bezirksb\u00fcrgermeister Volker Spelthann (Gr\u00fcne) nachdenklich gemacht: \u201eDer Kulturpfad ist eine wichtige Anregung f\u00fcr andere Vereine, sich mit der Geschichte ihrer Veedel zu besch\u00e4ftigen.\u201c Den aktuellen \u00c4rger der Anwohner kann Spelthann nachvollziehen: F\u00fcr den 20. Januar hat die Verwaltung Mitglieder der K\u00fcnstlerinitiative sowie ihn und seinen Stellvertreter Udo Hanselmann (SPD) zu einem Gespr\u00e4ch \u00fcber das Schulbauprojekt eingeladen. Da m\u00fcsse man den Beginn der Abriss- und F\u00e4llarbeiten nur wenige Tage vorher zumindest als \u201eungeschickt\u201c bezeichnen.<\/p>\n<p class=\"dm-paragraph my-8 dm-article-content-width\" index=\"8\" should-collapse-on-mobile=\"true\" has-padding=\"\" data-v-586984a4=\"\">Spelthann kann auch die Klagen \u00fcber eine mangelhafte B\u00fcrgerbeteiligung verstehen. Seiner Meinung nach f\u00fchrt die Beauftragung von Total- und Generalunternehmern zu der Neigung, alles verwaltungsintern zu regeln und politische Gremien und B\u00fcrgerschaft au\u00dfen vor zu lassen. \u201eDie Gefahr sehe ich auch beim Bau-Turbo-Gesetz, da muss man sich dringend etwas \u00fcberlegen.\u201c Allerdings betreffe das nicht die \u201eK\u00fcnstler f\u00fcr Bickendorf\u201c, mit denen h\u00e4tten Politik und Verwaltung in den vergangenen Jahren h\u00e4ufig gesprochen. So habe man es der Initiative zu verdanken, dass der Schutz vor Starkregenereignissen st\u00e4rker in den Pl\u00e4nen ber\u00fccksichtigt wurde. Wichtige Abschnitte der Kan\u00e4le etwa sollen baulich verbessert werden, damit das Wasser rascher abflie\u00dfen kann. Eine leistungsf\u00e4higere Pumpe geh\u00f6re ebenfalls zum mehrstufigen Sicherheitskonzept, und ein unterirdischer Zwischenspeicher, der nicht so gro\u00df sein m\u00fcsse wie das von den \u201eK\u00fcnstlern\u201c vorgeschlagene Retentionsbecken: \u201eDie Initiative m\u00f6chte dort das Wasser komplett versickern lassen. Die Frage ist aber: Was passiert, wenn bei Starkregen der Zulauf zum Becken blockiert ist?\u201c<\/p>\n<p><a href=\"https:\/\/www.ksta.de\/koeln\/ehrenfeld\/bickendorf\/schulneubau-in-koeln-bickendorfer-fordern-beteiligung-an-der-planung-fuer-den-lindweiler-hof-1-1097711\" class=\"dm-imagefeat__imagecontainer dm-imagefeat relative\" aria-label=\"\" tabindex=\"-1\" data-v-68e13160=\"\" target=\"_blank\" rel=\"noopener\"><img decoding=\"async\" width=\"4000\" height=\"2666\" alt=\"Ein gro\u00dfe Gruppe Menschen hat sich vor dem ehemaligen Hauptgeb\u00e4ude des Lindweiler Hofs an der Rochusstra\u00dfe versammelt.\" loading=\"lazy\" onerror=\"this.setAttribute('data-error', 1)\" class=\"dm-imagefeat__image w-full aspect-square sm:aspect-auto aspect-video\" style=\"aspect-ratio:1;\" data-nuxt-pic=\"\" src=\"https:\/\/www.europesays.com\/de\/wp-content\/uploads\/2026\/01\/80ee1580-6e34-4e51-a53c-eac9098cb51c.jpeg\"  \/><\/a><\/p>\n<p class=\"dm-paragraph my-8 dm-article-content-width\" index=\"10\" should-collapse-on-mobile=\"true\" has-padding=\"\" data-v-586984a4=\"\">Die Idee, eine kleinere Schule zu bauen, h\u00e4lt Spelthann auch f\u00fcr problematisch: \u201eEine Gesamtschule braucht vier Z\u00fcge.\u201c Mutma\u00dfungen \u00fcber den R\u00fcckgang bei den Sch\u00fclerzahlen sind f\u00fcr ihn auch kein Argument: \u201eMomentan haben wir viele Schulgeb\u00e4ude von Investoren angemietet, das ist sehr teuer. Wir brauchen Schulen auf st\u00e4dtischen Fl\u00e4chen, das ist dem B\u00fcrger sonst kaum zu erkl\u00e4ren.\u201c<\/p>\n<p class=\"dm-paragraph my-8 dm-article-content-width\" index=\"11\" should-collapse-on-mobile=\"true\" has-padding=\"\" data-v-586984a4=\"\">Volker Spelthann ist auch zuversichtlich, dass das Herrenhaus nicht zugeklotzt wird, es k\u00f6nne sogar \u201edas Gesicht\u201c der neuen Schule werden. Davor sei wohl ein kleines Pl\u00e4tzchen geplant: \u201eDas Problem ist, dass die Politik diese Pl\u00e4ne nicht kennt. Uns w\u00fcrde ja auch interessieren, wie nah die Geb\u00e4ude an die Kirche r\u00fccken.\u201c Da versteht er wieder das Argument von der mangelnden Transparenz. \u201eIch dr\u00e4nge darauf, dass die Pl\u00e4ne in der n\u00e4chsten Sitzung der Bezirksvertreter vorgestellt werden.\u201c Diese findet am Montag, 2. Februar, im Bezirksrathaus statt.<\/p>\n","protected":false},"excerpt":{"rendered":"Bauz\u00e4une, Bagger, Baumaterial \u2013 alles vor Ort, und die Motors\u00e4ge bereitet kreischend Baumf\u00e4llungen vor. Auf dem Gel\u00e4nde des&hellip;\n","protected":false},"author":2,"featured_media":717391,"comment_status":"","ping_status":"","sticky":false,"template":"","format":"standard","meta":{"footnotes":""},"categories":[1828],"tags":[29,30,1420,1209],"class_list":{"0":"post-717390","1":"post","2":"type-post","3":"status-publish","4":"format-standard","5":"has-post-thumbnail","7":"category-koeln","8":"tag-deutschland","9":"tag-germany","10":"tag-koeln","11":"tag-nordrhein-westfalen"},"share_on_mastodon":{"url":"https:\/\/pubeurope.com\/@de\/115892984660776511","error":""},"_links":{"self":[{"href":"https:\/\/www.europesays.com\/de\/wp-json\/wp\/v2\/posts\/717390","targetHints":{"allow":["GET"]}}],"collection":[{"href":"https:\/\/www.europesays.com\/de\/wp-json\/wp\/v2\/posts"}],"about":[{"href":"https:\/\/www.europesays.com\/de\/wp-json\/wp\/v2\/types\/post"}],"author":[{"embeddable":true,"href":"https:\/\/www.europesays.com\/de\/wp-json\/wp\/v2\/users\/2"}],"replies":[{"embeddable":true,"href":"https:\/\/www.europesays.com\/de\/wp-json\/wp\/v2\/comments?post=717390"}],"version-history":[{"count":0,"href":"https:\/\/www.europesays.com\/de\/wp-json\/wp\/v2\/posts\/717390\/revisions"}],"wp:featuredmedia":[{"embeddable":true,"href":"https:\/\/www.europesays.com\/de\/wp-json\/wp\/v2\/media\/717391"}],"wp:attachment":[{"href":"https:\/\/www.europesays.com\/de\/wp-json\/wp\/v2\/media?parent=717390"}],"wp:term":[{"taxonomy":"category","embeddable":true,"href":"https:\/\/www.europesays.com\/de\/wp-json\/wp\/v2\/categories?post=717390"},{"taxonomy":"post_tag","embeddable":true,"href":"https:\/\/www.europesays.com\/de\/wp-json\/wp\/v2\/tags?post=717390"}],"curies":[{"name":"wp","href":"https:\/\/api.w.org\/{rel}","templated":true}]}}