{"id":717471,"date":"2026-01-14T11:13:14","date_gmt":"2026-01-14T11:13:14","guid":{"rendered":"https:\/\/www.europesays.com\/de\/717471\/"},"modified":"2026-01-14T11:13:14","modified_gmt":"2026-01-14T11:13:14","slug":"bunte-steine-in-der-innenstadt","status":"publish","type":"post","link":"https:\/\/www.europesays.com\/de\/717471\/","title":{"rendered":"Bunte Steine in der Innenstadt"},"content":{"rendered":"<p class=\"text_ohne_einzug richtext text-em-55 !leading-serif mx-6 desktop:mx-0\">Wenn ich durch die Poststra\u00dfe laufe, versuche ich immer ganz nah an den Gesch\u00e4ften vorbeizugehen, dort, wo es noch uneben ist, kleine H\u00fcgel aus Teer entstanden sind, unter denen die Fernw\u00e4rmeleitungen eingepflegt wurden. F\u00fcr mich ist das wie ein Trimmpfad. Ich nehme dieses Handicap auf mich, damit die alten Leute mit Rollator, V\u00e4ter und M\u00fctter mit Kinderwagen und Menschen mit Rollst\u00fchlen auf den barrierefreien Teilbereichen wandeln k\u00f6nnen. Manchmal schlie\u00dfe ich beim Gehen kurz die Augen, dann f\u00fchlt es sich wie eine Wanderung in Bergischen W\u00e4ldern an, wo man auch kleine T\u00e4ler durchschreitet und winzige Erhebungen erklimmt. Aber Vorsicht, ein falscher Schritt, eine Unachtsamkeit, schon knickt man mit dem Fu\u00df um. Nun k\u00fcndigt sich nach vielen Jahren des Wartens Besserung an. Zwar langsam, jedoch unaufhaltsam, ebnet sich auf dem Barmer Werth und der Elberfelder Innenstadt die neue Pflasterung ihren Weg. Warum die Verantwortlichen der Stadt sich f\u00fcr bunte Steine entschieden haben, bleibt so lange ihr Geheimnis, bis man sie darauf anspricht.<\/p>\n","protected":false},"excerpt":{"rendered":"Wenn ich durch die Poststra\u00dfe laufe, versuche ich immer ganz nah an den Gesch\u00e4ften vorbeizugehen, dort, wo es&hellip;\n","protected":false},"author":2,"featured_media":717472,"comment_status":"","ping_status":"","sticky":false,"template":"","format":"standard","meta":{"footnotes":""},"categories":[1840],"tags":[165272,26643,3364,29,30,64615,165273,2065,8927,981,1209,87731,21628,27938,47460,108989,4418],"class_list":{"0":"post-717471","1":"post","2":"type-post","3":"status-publish","4":"format-standard","5":"has-post-thumbnail","7":"category-wuppertal","8":"tag-anthrazit","9":"tag-augen","10":"tag-de","11":"tag-deutschland","12":"tag-germany","13":"tag-gerne","14":"tag-grossmutters","15":"tag-innenstadt","16":"tag-innenstaedte","17":"tag-mutter","18":"tag-nordrhein-westfalen","19":"tag-pflasterung","20":"tag-schoene","21":"tag-steine","22":"tag-uwe-becker","23":"tag-valentina","24":"tag-wuppertal"},"share_on_mastodon":{"url":"https:\/\/pubeurope.com\/@de\/115893161546312235","error":""},"_links":{"self":[{"href":"https:\/\/www.europesays.com\/de\/wp-json\/wp\/v2\/posts\/717471","targetHints":{"allow":["GET"]}}],"collection":[{"href":"https:\/\/www.europesays.com\/de\/wp-json\/wp\/v2\/posts"}],"about":[{"href":"https:\/\/www.europesays.com\/de\/wp-json\/wp\/v2\/types\/post"}],"author":[{"embeddable":true,"href":"https:\/\/www.europesays.com\/de\/wp-json\/wp\/v2\/users\/2"}],"replies":[{"embeddable":true,"href":"https:\/\/www.europesays.com\/de\/wp-json\/wp\/v2\/comments?post=717471"}],"version-history":[{"count":0,"href":"https:\/\/www.europesays.com\/de\/wp-json\/wp\/v2\/posts\/717471\/revisions"}],"wp:featuredmedia":[{"embeddable":true,"href":"https:\/\/www.europesays.com\/de\/wp-json\/wp\/v2\/media\/717472"}],"wp:attachment":[{"href":"https:\/\/www.europesays.com\/de\/wp-json\/wp\/v2\/media?parent=717471"}],"wp:term":[{"taxonomy":"category","embeddable":true,"href":"https:\/\/www.europesays.com\/de\/wp-json\/wp\/v2\/categories?post=717471"},{"taxonomy":"post_tag","embeddable":true,"href":"https:\/\/www.europesays.com\/de\/wp-json\/wp\/v2\/tags?post=717471"}],"curies":[{"name":"wp","href":"https:\/\/api.w.org\/{rel}","templated":true}]}}