{"id":717597,"date":"2026-01-14T12:23:48","date_gmt":"2026-01-14T12:23:48","guid":{"rendered":"https:\/\/www.europesays.com\/de\/717597\/"},"modified":"2026-01-14T12:23:48","modified_gmt":"2026-01-14T12:23:48","slug":"hessen-1-000-liter-diesel-ausgelaufen-riesiger-stau-auf-a3-bei-wiesbaden","status":"publish","type":"post","link":"https:\/\/www.europesays.com\/de\/717597\/","title":{"rendered":"Hessen: 1.000 Liter Diesel ausgelaufen &#8211; riesiger Stau auf A3 bei Wiesbaden"},"content":{"rendered":"<p>            <img loading=\"lazy\" decoding=\"async\" class=\"ts-image\" src=\"https:\/\/www.europesays.com\/de\/wp-content\/uploads\/2026\/01\/hr-unfallstelle-auf-der-a3-bei-wiesbaden-100.jpg\" alt=\"Feuerwehrleute an der Unfallstelle auf A3 bei Wiesbaden\" title=\"Unfallstelle auf der A3 bei Wiesbaden | Mike Seeboth\"\/><\/p>\n<p class=\"metatextline\">Stand: 14.01.2026 11:58 Uhr<\/p>\n<p class=\"article-head__shorttext\">\n        <strong>Ein Lkw hat sich bei einem Unfall auf der A3 nahe dem Wiesbadener Kreuz den Tank aufgerissen. Das hat im Berufsverkehr einen langen Stau verursacht.<\/strong>\n    <\/p>\n<p class=\"textabsatz m-ten m-offset-one l-eight l-offset-two columns twelve\">Ein Unfall mit einem Lkw hat am Mittwochmorgen auf der A3 f\u00fcr erhebliche Behinderungen im Berufsverkehr gesorgt. Wie die Polizei mitteilte, war der Lkw-Fahrer nahe des Wiesbadener Kreuzes in eine Leitplanke im Baustellenbereich gefahren. &#8222;Dabei hat er sich den Tank aufgerissen&#8220;, sagte ein Sprecher. Infolgedessen seien etwa 1.000 Liter Diesel ausgelaufen.<\/p>\n<p>    \u00dcber eine Stunde Verz\u00f6gerung<\/p>\n<p class=\"textabsatz m-ten m-offset-one l-eight l-offset-two columns twelve\">Zwei Fahrstreifen wurden gesperrt, nur der linke ist aktuell frei. Der Verkehr in Fahrtrichtung Frankfurt staute sich zeitweise auf 16 Kilometern L\u00e4nge, gegen 12 Uhr waren es noch sechs Kilometer. Die Verz\u00f6gerung betr\u00e4gt noch immer bis zu 50 Minuten.<\/p>\n<p class=\"textabsatz m-ten m-offset-one l-eight l-offset-two columns twelve\">Verletzt wurde laut Polizei niemand. Der Fahrer habe eigenst\u00e4ndig ein Abschleppunternehmen beauftragt, hie\u00df es. Ein beauftragtes Unternehmen sollte den ausgelaufenen Kraftstoff binden, um eine Gefahr f\u00fcr die Umwelt zu vermeiden.<\/p>\n<p class=\"textabsatz m-ten m-offset-one l-eight l-offset-two columns twelve\">Die Polizei geht davon aus, dass die Bergungs- und Reinigungsarbeiten noch den Vormittag \u00fcber andauern. Sie r\u00e4t, den Bereich weitr\u00e4umig zu umfahren.<\/p>\n<p>                                        <a class=\"backlink__link\" href=\"https:\/\/www.hessenschau.de\/panorama\/1000-liter-diesel-ausgelaufen---riesiger-stau-auf-a3-bei-wiesbaden-v5,unfall-a3-stau-104.html\" target=\"_blank\" rel=\"noopener\"><\/p>\n<p>                                                <img decoding=\"async\" src=\"https:\/\/images.tagesschau.de\/image\/d5dbef2b-a561-4a5d-8a3f-af75f4c80994\/AAABlap_bik\/AAABmyZDc0k\/original\/lra-hr-logo-100.svg\" alt=\"Hessischer Rundfunk\"\/><\/p>\n<p>                                        <\/a><\/p>\n","protected":false},"excerpt":{"rendered":"Stand: 14.01.2026 11:58 Uhr Ein Lkw hat sich bei einem Unfall auf der A3 nahe dem Wiesbadener Kreuz&hellip;\n","protected":false},"author":2,"featured_media":717598,"comment_status":"","ping_status":"","sticky":false,"template":"","format":"standard","meta":{"footnotes":""},"categories":[1847],"tags":[3364,29,548,663,3934,30,13,2052,12591,14,15,12,4544],"class_list":{"0":"post-717597","1":"post","2":"type-post","3":"status-publish","4":"format-standard","5":"has-post-thumbnail","7":"category-wiesbaden","8":"tag-de","9":"tag-deutschland","10":"tag-eu","11":"tag-europa","12":"tag-europe","13":"tag-germany","14":"tag-headlines","15":"tag-hessen","16":"tag-hr","17":"tag-nachrichten","18":"tag-news","19":"tag-schlagzeilen","20":"tag-wiesbaden"},"share_on_mastodon":{"url":"https:\/\/pubeurope.com\/@de\/115893440758695024","error":""},"_links":{"self":[{"href":"https:\/\/www.europesays.com\/de\/wp-json\/wp\/v2\/posts\/717597","targetHints":{"allow":["GET"]}}],"collection":[{"href":"https:\/\/www.europesays.com\/de\/wp-json\/wp\/v2\/posts"}],"about":[{"href":"https:\/\/www.europesays.com\/de\/wp-json\/wp\/v2\/types\/post"}],"author":[{"embeddable":true,"href":"https:\/\/www.europesays.com\/de\/wp-json\/wp\/v2\/users\/2"}],"replies":[{"embeddable":true,"href":"https:\/\/www.europesays.com\/de\/wp-json\/wp\/v2\/comments?post=717597"}],"version-history":[{"count":0,"href":"https:\/\/www.europesays.com\/de\/wp-json\/wp\/v2\/posts\/717597\/revisions"}],"wp:featuredmedia":[{"embeddable":true,"href":"https:\/\/www.europesays.com\/de\/wp-json\/wp\/v2\/media\/717598"}],"wp:attachment":[{"href":"https:\/\/www.europesays.com\/de\/wp-json\/wp\/v2\/media?parent=717597"}],"wp:term":[{"taxonomy":"category","embeddable":true,"href":"https:\/\/www.europesays.com\/de\/wp-json\/wp\/v2\/categories?post=717597"},{"taxonomy":"post_tag","embeddable":true,"href":"https:\/\/www.europesays.com\/de\/wp-json\/wp\/v2\/tags?post=717597"}],"curies":[{"name":"wp","href":"https:\/\/api.w.org\/{rel}","templated":true}]}}