{"id":717820,"date":"2026-01-14T14:25:11","date_gmt":"2026-01-14T14:25:11","guid":{"rendered":"https:\/\/www.europesays.com\/de\/717820\/"},"modified":"2026-01-14T14:25:11","modified_gmt":"2026-01-14T14:25:11","slug":"turu-duesseldorf-holt-mittelfeldspieler-von-siegburger-sv","status":"publish","type":"post","link":"https:\/\/www.europesays.com\/de\/717820\/","title":{"rendered":"Turu D\u00fcsseldorf holt Mittelfeldspieler von Siegburger SV"},"content":{"rendered":"<p class=\"text_ohne_einzug richtext text-em-55 !leading-serif mx-6 desktop:mx-0\">In der Vorbereitung auf die R\u00fcckrunde m\u00fcssen die Landesliga-Fu\u00dfballer der Turu aktuell ohne ihren \u201eChef\u201c auskommen. Trainer Francisco Carrasco muss bei Training und Spielen derzeit zur\u00fccktreten. Und der Grund daf\u00fcr ist schmerzhaft. Beim Spa\u00dfkick mit einigen Kumpels in der Halle fiel der Spanier ungl\u00fccklich. Die Diagnose: Schulterbruch. Das Kommando auf dem Trainingsplatz haben daher \u00fcbergangsweise Hassan Saouti und Daniel Rey Alonso \u00fcbernommen.<\/p>\n<p class=\"richtext text-em-55 !leading-serif mx-6 desktop:mx-0\">Carrasco versucht derweil im Hintergrund, den Kader f\u00fcr die R\u00fcckrunde zu optimieren. Keine einfache Aufgabe, denn in der Region buhlen eine Vielzahl an Klubs um einen begrenzten Pool an Spielern, die als Verst\u00e4rkung mitten in der Saison infrage kommen. Folglich versuchen die Akteure, ihre Position auszunutzen. \u201eWas die Jungs teilweise fordern, ist schon enorm\u201c, sagt Carrasco. Doch die Zeiten, in denen ein Transfer aus finanziellen Gr\u00fcnden an der Feuerbachstra\u00dfe in der Regel nicht scheitern sollte, sind l\u00e4ngst vorbei. Das Geld sitzt in Oberbilk nicht mehr locker wie zur \u00c4ra des einstigen Klubm\u00e4zen Heinz Schneider. Was aber nicht hei\u00dfen soll, dass die Turu in den Gespr\u00e4chen gar keine Argumente mehr auf ihrer Seite hat.<\/p>\n<p class=\"richtext text-em-55 !leading-serif mx-6 desktop:mx-0\">Die Infrastruktur inklusive eines regelm\u00e4\u00dfig genutzten Naturrasenplatzes ist unver\u00e4ndert ein Anziehungsfaktor. Die intakte Zahlungsmoral ist aus Sicht von Carrasco ein anderer Pluspunkt. \u201eWir halten, was wir versprechen. Und was viele Spieler in meinen Augen nicht bedenken. Wir zahlen die Aufwandsentsch\u00e4digungen \u00fcber 12 Monate und nicht \u2013 wie es einige andere Klubs handhaben \u2013 nur \u00fcber zehn Monate\u201c, f\u00fchrt der Coach aus.<\/p>\n<p class=\"richtext text-em-55 !leading-serif mx-6 desktop:mx-0\">Mit Hussein Hammouda muss sich Carrasco \u00fcber solche Themen nicht mehr unterhalten. Denn der Wechsel des Mittelfeldspielers zur Turu ist perfekt. \u201eEr ist im defensiven Mittelfeld zu Hause, kann aber auch hinten in die Kette rutschen\u201c, sagt Carrasco \u00fcber den 27-J\u00e4hrigen. Hammouda kommt vom Mittelrheinligisten Siegburger SV. Dass er dort zuletzt nur noch sporadisch zum Einsatz kam, ist einfach zu erkl\u00e4ren. \u201eEr ist nach D\u00fcsseldorf gezogen. Der Aufwand war einfach viel zu hoch f\u00fcr ihn. Der Umzug war auch der Grund, warum wir ihn \u00fcberhaupt bekommen haben\u201c, erkl\u00e4rt Carrasco. Abgeschlossen sind die Planungen bei den Blau-Wei\u00dfen damit aber noch nicht. Denn als Eins-zu-eins-Ersatz f\u00fcr Joshua Sumbunu, der defensiv ebenfalls flexibel einsetzbar war, ist Hammouda nicht vorgesehen. \u201eIhn plane ich vorwiegend f\u00fcr das Mittelfeld ein. Wir suchen also noch nach einem Innenverteidiger\u201c, sagt Carrasco, der auf dieser Position zum R\u00fcckrundenstart auch auf den noch gesperrten Rey Alonso verzichten muss.<\/p>\n","protected":false},"excerpt":{"rendered":"In der Vorbereitung auf die R\u00fcckrunde m\u00fcssen die Landesliga-Fu\u00dfballer der Turu aktuell ohne ihren \u201eChef\u201c auskommen. Trainer Francisco&hellip;\n","protected":false},"author":2,"featured_media":717821,"comment_status":"","ping_status":"","sticky":false,"template":"","format":"standard","meta":{"footnotes":""},"categories":[1831],"tags":[6878,3364,29,3405,17659,588,163271,107366,19864,30,165306,19866,11455,165309,1209,34749,165307,6224,165308,19862],"class_list":{"0":"post-717820","1":"post","2":"type-post","3":"status-publish","4":"format-standard","5":"has-post-thumbnail","7":"category-duesseldorf","8":"tag-alonso","9":"tag-de","10":"tag-deutschland","11":"tag-duesseldorf","12":"tag-eins","13":"tag-einsatz","14":"tag-einsetzbar","15":"tag-einstigen","16":"tag-francisco-carrasco","17":"tag-germany","18":"tag-hammouda","19":"tag-klubs","20":"tag-mittelfeld","21":"tag-mittelfeldspielers","22":"tag-nordrhein-westfalen","23":"tag-position","24":"tag-rey","25":"tag-rueckrunde","26":"tag-rueckrundenstart","27":"tag-turu"},"share_on_mastodon":{"url":"https:\/\/pubeurope.com\/@de\/115893916523369904","error":""},"_links":{"self":[{"href":"https:\/\/www.europesays.com\/de\/wp-json\/wp\/v2\/posts\/717820","targetHints":{"allow":["GET"]}}],"collection":[{"href":"https:\/\/www.europesays.com\/de\/wp-json\/wp\/v2\/posts"}],"about":[{"href":"https:\/\/www.europesays.com\/de\/wp-json\/wp\/v2\/types\/post"}],"author":[{"embeddable":true,"href":"https:\/\/www.europesays.com\/de\/wp-json\/wp\/v2\/users\/2"}],"replies":[{"embeddable":true,"href":"https:\/\/www.europesays.com\/de\/wp-json\/wp\/v2\/comments?post=717820"}],"version-history":[{"count":0,"href":"https:\/\/www.europesays.com\/de\/wp-json\/wp\/v2\/posts\/717820\/revisions"}],"wp:featuredmedia":[{"embeddable":true,"href":"https:\/\/www.europesays.com\/de\/wp-json\/wp\/v2\/media\/717821"}],"wp:attachment":[{"href":"https:\/\/www.europesays.com\/de\/wp-json\/wp\/v2\/media?parent=717820"}],"wp:term":[{"taxonomy":"category","embeddable":true,"href":"https:\/\/www.europesays.com\/de\/wp-json\/wp\/v2\/categories?post=717820"},{"taxonomy":"post_tag","embeddable":true,"href":"https:\/\/www.europesays.com\/de\/wp-json\/wp\/v2\/tags?post=717820"}],"curies":[{"name":"wp","href":"https:\/\/api.w.org\/{rel}","templated":true}]}}