{"id":717826,"date":"2026-01-14T14:28:15","date_gmt":"2026-01-14T14:28:15","guid":{"rendered":"https:\/\/www.europesays.com\/de\/717826\/"},"modified":"2026-01-14T14:28:15","modified_gmt":"2026-01-14T14:28:15","slug":"frankfurt-geht-aus-lokal-nachrichten-isoletta-pmp-waechst","status":"publish","type":"post","link":"https:\/\/www.europesays.com\/de\/717826\/","title":{"rendered":"Frankfurt Geht Aus! Lokal-Nachrichten &#8211; Isoletta PMP w\u00e4chst"},"content":{"rendered":"<p>&#13;<\/p>\n<p>Isoletta PMP w\u00e4chst<\/p>\n<p>&#13;<br \/>\n  &#13;<br \/>\n        &#13;<br \/>\n        &#13;<\/p>\n<p class=\"teaser__details-anlese-text\">Das Trattoria-Konzept Isoletta Pinsa Mozzarella Pasta (PMP) expandiert. Am Walther-von-Cronberg-Platz gibt es sowohl das stadtbekannte Angebot italienischer Klassiker, als auch Steaks, Burger und Grillspezialit\u00e4ten zu genie\u00dfen.<\/p>\n<p>&#13;<br \/>\n  &#13;<\/p>\n<p>&#13;<br \/>\n          Luca Karp \/&#13;<br \/>\n          14. Januar 2026, 13.56 Uhr&#13;\n        <\/p>\n<p>&#13;<br \/>\n  &#13;<br \/>\n        &#13;<\/p>\n<p>\u201eLittle Italy Meets Mainhattan\u201c \u2013 so wirbt die neueste Isoletta-Location in Sachsenhausen f\u00fcr sich. Seit dem 8. Januar hat das Restaurant ge\u00f6ffnet und bietet neben den traditionellen italienischen Gerichten, wie man sie aus den Trattorien der Gruppe kennt, auch amerikanische Klassiker, wie Burger und Steaks an. So will sich Isoletta als italo-amerikanisches Konzept am Fu\u00dfe des Main Plaza Hochhauses etablieren. <\/p>\n<p>Symbiose mit dem neugestalteten Main Plaza<\/p>\n<p>Die Lindner Hotel Group hatte den markanten Rotklinker-Bau des Stararchitekten Hans Kollhof im November 2025 aufgegeben. Das 24-st\u00f6ckige Hochhaus wird derzeit zu einem hybriden Hotel- und Apartmentkonzept umgewandelt. Gesch\u00e4ftsf\u00fchrer des neuen Main Plaza Suite Towers ist der Unternehmer Michael Schramm, in Personalunion Gesch\u00e4ftsf\u00fchrer der Isoletta Holding, die in Frankfurt mittlerweile elf Standorte betreibt. <\/p>\n<p>\u201eWir wollen dem Geb\u00e4ude wieder das zur\u00fcckgeben, was es mal war: Eine Hommage an das New York der 1920er-Jahre\u201c, sagt Schramm. Dazu geh\u00f6re neben der Gestaltung des Hotel- und Apartmentkonzepts im New Yorker Stil auch ein besonderes kulinarisches Konzept: \u201eZum einen wollen wir f\u00fcr unsere \u00dcbernachtungsg\u00e4ste ein besonderes gastronomisches Erlebnis schaffen, das \u00fcber blo\u00dfe Hotelgastronomie hinausgeht. Zum anderen wollen wir ein Angebot etablieren, das auch G\u00e4ste aus Frankfurt und Umgebung in das Restaurant lockt.\u201c<\/p>\n<p>Isoletta-Klassiker und Grillspezialit\u00e4ten<\/p>\n<p>Zu diesem Angebot geh\u00f6rt unter anderem eine gro\u00dfe Auswahl an hochwertigen Cuts von argentinischen Black-Angus-Rindern. Ein Highlight soll das Porterhouse-Steak f\u00fcr zwei Personen werden, das mit einem Brandzeichen in Form des Frankfurter Adlers versehen wird. Die Zubereitung der Speisen d\u00fcrfen die G\u00e4ste derweil dank der gl\u00e4sernen K\u00fcche genauestens unter die Lupe nehmen. Und ganz dem amerikanischen Flair getreu, d\u00fcrfen sich Besuchende nach dem Dinner in der Cigar Lounge der Isoletta Mainhattan Bar Zigarre und Cognac genehmigen. <\/p>\n<p>\u201eDen stadtbekannten Namen Isoletta verbinden wir hier mit einem neuen Konzept, das unsere Kundschaft sicherlich neugierig macht\u201c, sagt Schramm. Und das an einem anspruchsvollen Standort rund um den Walther-von-Cronberg-Platz, an dem sich in den letzten Jahren einige Gastronomen versucht haben. Dabei soll auch eine Frankfurter Legende behilflich sein: Alexander Meier. Er kennt die R\u00e4umlichkeiten noch aus ihrer Zeit als Frankfurter Team-Hotel.<\/p>\n<p>Info<br \/>Isoletta Main Plaza, Sachsenhausen, Walther-von-Cronberg-Platz 1, Tel. 069\/244500222, Mo-Fr 12-14:30 &amp; 18-23 Uhr, Sa 18-23 Uhr, So Ruhetag<\/p>\n<p>&#13;<br \/>\n  &#13;<br \/>\n        &#13;<\/p>\n<p>            <img decoding=\"async\" src=\"https:\/\/www.europesays.com\/de\/wp-content\/uploads\/2025\/07\/53.jpg\" alt=\"Luca Karp\" title=\"Luca Karp\"\/><\/p>\n<p>&#13;<br \/>\n              Luca Karp&#13;\n            <\/p>\n<p>Jahrgang 2000, Studium der Politikwissenschaften und Volkswirtschftslehre, seit Juni 2025 beim Journal Frankfurt.<\/p>\n<p>            &#13;<br \/>\n              <a href=\"https:\/\/www.genussmagazin-frankfurt.de\/?src=gastro_news&amp;autor=53&amp;stichwort=Luca+Karp\" target=\"_blank\" rel=\"noopener\">Mehr von Luca Karp &gt;&#13;<br \/>\n              <\/a>&#13;<\/p>\n<p>        &#13;<br \/>\n  \t\t<img loading=\"lazy\" decoding=\"async\" src=\"https:\/\/www.europesays.com\/de\/wp-content\/uploads\/2026\/01\/vgzm.2150123-45064.gif\" width=\"1\" height=\"1\" border=\"0\"\/>&#13;<br \/>\n        &#13;<br \/>\n  &#13;<br \/>\n\t&#13;<\/p>\n","protected":false},"excerpt":{"rendered":"&#13; Isoletta PMP w\u00e4chst &#13; &#13; &#13; &#13; Das Trattoria-Konzept Isoletta Pinsa Mozzarella Pasta (PMP) expandiert. Am Walther-von-Cronberg-Platz&hellip;\n","protected":false},"author":2,"featured_media":717827,"comment_status":"","ping_status":"","sticky":false,"template":"","format":"standard","meta":{"footnotes":""},"categories":[1829],"tags":[29,2050,2051,30,2052],"class_list":{"0":"post-717826","1":"post","2":"type-post","3":"status-publish","4":"format-standard","5":"has-post-thumbnail","7":"category-frankfurt-am-main","8":"tag-deutschland","9":"tag-frankfurt","10":"tag-frankfurt-am-main","11":"tag-germany","12":"tag-hessen"},"share_on_mastodon":{"url":"https:\/\/pubeurope.com\/@de\/115893928521155714","error":""},"_links":{"self":[{"href":"https:\/\/www.europesays.com\/de\/wp-json\/wp\/v2\/posts\/717826","targetHints":{"allow":["GET"]}}],"collection":[{"href":"https:\/\/www.europesays.com\/de\/wp-json\/wp\/v2\/posts"}],"about":[{"href":"https:\/\/www.europesays.com\/de\/wp-json\/wp\/v2\/types\/post"}],"author":[{"embeddable":true,"href":"https:\/\/www.europesays.com\/de\/wp-json\/wp\/v2\/users\/2"}],"replies":[{"embeddable":true,"href":"https:\/\/www.europesays.com\/de\/wp-json\/wp\/v2\/comments?post=717826"}],"version-history":[{"count":0,"href":"https:\/\/www.europesays.com\/de\/wp-json\/wp\/v2\/posts\/717826\/revisions"}],"wp:featuredmedia":[{"embeddable":true,"href":"https:\/\/www.europesays.com\/de\/wp-json\/wp\/v2\/media\/717827"}],"wp:attachment":[{"href":"https:\/\/www.europesays.com\/de\/wp-json\/wp\/v2\/media?parent=717826"}],"wp:term":[{"taxonomy":"category","embeddable":true,"href":"https:\/\/www.europesays.com\/de\/wp-json\/wp\/v2\/categories?post=717826"},{"taxonomy":"post_tag","embeddable":true,"href":"https:\/\/www.europesays.com\/de\/wp-json\/wp\/v2\/tags?post=717826"}],"curies":[{"name":"wp","href":"https:\/\/api.w.org\/{rel}","templated":true}]}}