{"id":717842,"date":"2026-01-14T14:36:12","date_gmt":"2026-01-14T14:36:12","guid":{"rendered":"https:\/\/www.europesays.com\/de\/717842\/"},"modified":"2026-01-14T14:36:12","modified_gmt":"2026-01-14T14:36:12","slug":"berlin-brandenburg-hunderte-autos-bei-brandstiftungen-beschaedigt","status":"publish","type":"post","link":"https:\/\/www.europesays.com\/de\/717842\/","title":{"rendered":"Berlin &#038; Brandenburg: Hunderte Autos bei Brandstiftungen besch\u00e4digt"},"content":{"rendered":"<p>Berlin &amp; BrandenburgHunderte Autos bei Brandstiftungen besch\u00e4digt<img decoding=\"async\" class=\"Image_img__fQCi0 Image_Img_16_9__4BLfH\" loading=\"eager\" fetchpriority=\"high\" src=\"https:\/\/www.europesays.com\/de\/wp-content\/uploads\/2026\/01\/Die-Feuerwehr-loescht-ein-brennendes-Auto-in-Berlin.webp.webp\" alt=\"Die-Feuerwehr-loescht-ein-brennendes-Auto-in-Berlin\"\/>(Foto: Christian Sappeck\/BLP\/dpa)TeilenFolgen auf:<a href=\"https:\/\/www.whatsapp.com\/channel\/0029Va5cdVJD8SDp5YZgYF01\" title=\"Auf WhatsApp folgen\" target=\"_blank\" rel=\"noopener\"><img decoding=\"async\" src=\"https:\/\/www.n-tv.de\/socialIcons\/whatsapp.svg\" alt=\"whatsapp\" class=\"ArticleShare_icon__FsrC2\"\/><\/a><a href=\"https:\/\/news.google.com\/publications\/CAAiEPMdif5mpRNxiLOeUpHCwwsqFAgKIhDzHYn-ZqUTcYiznlKRwsML?hl=de&amp;gl=DE&amp;ceid=DE%3Ade\" title=\"Auf Google News folgen\" target=\"_blank\" rel=\"noopener\"><img decoding=\"async\" src=\"https:\/\/www.n-tv.de\/socialIcons\/google.svg\" alt=\"whatsapp\" class=\"ArticleShare_icon__FsrC2\"\/><\/a><\/p>\n<p class=\"Typography_text-m__XI0da Typography_weight-bold__uT6mq storyline_lead_text_leadtext__q_wg8\">Wieder brennen Hunderte Autos in Berlin. Oft ist Vandalismus der Grund, aber auch Frustration oder Neid k\u00f6nnen Ausl\u00f6ser sein. Aber auch politische Motive sieht die Polizei.<\/p>\n<p class=\"Typography_text-default__P3otY Typography_weight-normal__pqUbH storyline_paragraph_p__qSR5N\">Berlin (dpa\/bb) &#8211; Die Zahl der erfassten Brandstiftungen an Autos in Berlin ist im vergangenen Jahr leicht gesunken, bleibt nach Polizeiangaben aber auf einem hohen Niveau. Rund 720 Fahrzeuge wurden 2025 (2024: 750) angez\u00fcndet, zerst\u00f6rt oder durch die Hitze anderer brennender Autos besch\u00e4digt, wie eine Sprecherin mitteilte. Zuvor hatte die &#8222;B.Z.&#8220; berichtet.<\/p>\n<p class=\"Typography_text-default__P3otY Typography_weight-normal__pqUbH storyline_paragraph_p__qSR5N\">Nur ein kleiner Teil der Taten geht nach den Angaben auf das Konto von politisch motivierten T\u00e4tern. Diese ordnet die Polizei dem Linksextremismus zu. &#8222;Die Motivationslage steht hier meist im Zusammenhang mit Antirepression, Antifaschismus und Antimilitarismus&#8220;, hie\u00df es von der Beh\u00f6rde. Im vergangenen Jahr erfasste die Polizei 12 solcher F\u00e4lle, bei denen 35 Fahrzeuge direkt angez\u00fcndet und 48 weitere in der Folge zerst\u00f6rt wurden (2024: 24 F\u00e4lle, 80 Fahrzeuge).<\/p>\n<p>Nur wenige T\u00e4ter werden gefasst<\/p>\n<p class=\"Typography_text-default__P3otY Typography_weight-normal__pqUbH storyline_paragraph_p__qSR5N\">Nach der Statistik wurden 407 Autos (2024: 428) aus unpolitischen Motiven angez\u00fcndet. Gr\u00fcnde k\u00f6nnen Vandalismus, Versicherungsbetrug oder pers\u00f6nliche Gr\u00fcnde sein. Aber auch &#8222;Frustration, Neid, Hass oder Geltungssucht&#8220;, nannte die Polizei als m\u00f6gliche Motivation f\u00fcr solche Taten.<\/p>\n<p class=\"Typography_text-default__P3otY Typography_weight-normal__pqUbH storyline_paragraph_p__qSR5N\">Dazu kamen 231 (2024: 264) Autos, die &#8222;kollateral betroffen&#8220; waren, wie es hie\u00df. Sie standen also in der N\u00e4he der brennenden Autos und wurden durch die Hitze besch\u00e4digt. Gro\u00dfe Teile moderner Autos sind aus Kunststoff, der bei gro\u00dfer Hitzeeinwirkung nicht lange standh\u00e4lt.<\/p>\n<p class=\"Typography_text-default__P3otY Typography_weight-normal__pqUbH storyline_paragraph_p__qSR5N\">T\u00e4ter konnte die Polizei nur in einem kleinen Teil der Brandstiftungen fassen. In unpolitischen F\u00e4llen wurden 52 Verd\u00e4chtige ermittelt, im politisch motivierten Bereich keiner.<\/p>\n<p class=\"Typography_text-s__wu_cm Typography_weight-normal__pqUbH Typography_color-darkgrey__sZEnP article-detail-footer_source__KslPc\">Quelle: dpa<\/p>\n","protected":false},"excerpt":{"rendered":"Berlin &amp; BrandenburgHunderte Autos bei Brandstiftungen besch\u00e4digt(Foto: Christian Sappeck\/BLP\/dpa)TeilenFolgen auf: Wieder brennen Hunderte Autos in Berlin. Oft ist&hellip;\n","protected":false},"author":2,"featured_media":717843,"comment_status":"","ping_status":"","sticky":false,"template":"","format":"standard","meta":{"footnotes":""},"categories":[1816],"tags":[1960,1958,1959,1957,1956,1890,29,30],"class_list":{"0":"post-717842","1":"post","2":"type-post","3":"status-publish","4":"format-standard","5":"has-post-thumbnail","7":"category-brandenburg","8":"tag-aktuelle-nachrichten-aus-berlin-und-brandenburg","9":"tag-aktuelle-nachrichten-aus-brandenburg","10":"tag-aktuelle-news-aus-berlin-und-brandenburg","11":"tag-aktuelle-news-aus-brandenburg","12":"tag-berlin-und-brandenburg","13":"tag-brandenburg","14":"tag-deutschland","15":"tag-germany"},"share_on_mastodon":{"url":"https:\/\/pubeurope.com\/@de\/115893960117383708","error":""},"_links":{"self":[{"href":"https:\/\/www.europesays.com\/de\/wp-json\/wp\/v2\/posts\/717842","targetHints":{"allow":["GET"]}}],"collection":[{"href":"https:\/\/www.europesays.com\/de\/wp-json\/wp\/v2\/posts"}],"about":[{"href":"https:\/\/www.europesays.com\/de\/wp-json\/wp\/v2\/types\/post"}],"author":[{"embeddable":true,"href":"https:\/\/www.europesays.com\/de\/wp-json\/wp\/v2\/users\/2"}],"replies":[{"embeddable":true,"href":"https:\/\/www.europesays.com\/de\/wp-json\/wp\/v2\/comments?post=717842"}],"version-history":[{"count":0,"href":"https:\/\/www.europesays.com\/de\/wp-json\/wp\/v2\/posts\/717842\/revisions"}],"wp:featuredmedia":[{"embeddable":true,"href":"https:\/\/www.europesays.com\/de\/wp-json\/wp\/v2\/media\/717843"}],"wp:attachment":[{"href":"https:\/\/www.europesays.com\/de\/wp-json\/wp\/v2\/media?parent=717842"}],"wp:term":[{"taxonomy":"category","embeddable":true,"href":"https:\/\/www.europesays.com\/de\/wp-json\/wp\/v2\/categories?post=717842"},{"taxonomy":"post_tag","embeddable":true,"href":"https:\/\/www.europesays.com\/de\/wp-json\/wp\/v2\/tags?post=717842"}],"curies":[{"name":"wp","href":"https:\/\/api.w.org\/{rel}","templated":true}]}}