{"id":717844,"date":"2026-01-14T14:37:11","date_gmt":"2026-01-14T14:37:11","guid":{"rendered":"https:\/\/www.europesays.com\/de\/717844\/"},"modified":"2026-01-14T14:37:11","modified_gmt":"2026-01-14T14:37:11","slug":"das-steckt-hinter-den-aktuellen-sperrungen","status":"publish","type":"post","link":"https:\/\/www.europesays.com\/de\/717844\/","title":{"rendered":"Das steckt hinter den aktuellen Sperrungen"},"content":{"rendered":"<p class=\"expressive-copy-lg-body\">Autofahrer in <a href=\"https:\/\/www.morgenpost.de\/berlin\/\" target=\"_blank\" rel=\"noopener\">Berlin<\/a> m\u00fcssen in dieser Woche \u2013 wieder einmal \u2013 <a href=\"https:\/\/www.morgenpost.de\/berlin\/article410929428\/tiergartentunnel-wird-bis-freitag-gesperrt-jeweils-nachts.html\" data-category-full-path=\"https:\/\/www.morgenpost.de\/berlin\/\" data-paid-status=\"free\" data-article-publish-date=\"1768375706\" target=\"_blank\" rel=\"noopener\">Einschr\u00e4nkungen im Tiergartentunnel<\/a> hinnehmen. In den N\u00e4chten noch bis Freitag, jeweils zwischen 21.30 und etwa 5.45 Uhr, ist der Tunnel in beide Richtungen zwischen Reichpietschufer und Heidestra\u00dfe gesperrt. Auch die Buslinien M41 und M85 k\u00f6nnen in dieser Zeit nicht ihre vollst\u00e4ndige Strecke befahren. Die Verkehrsinformationszentrale benannte f\u00fcr die Sperrung \u201eSicherheitsgr\u00fcnde\u201c. Auf Nachfrage pr\u00e4zisierte die Senatsverkehrsverwaltung: \u201eDie Sperrungen des Tunnels erfolgen aus Sicherheitsgr\u00fcnden, wenn die erforderliche \u00dcberwachung des Tunnels nicht gew\u00e4hrleistet werden kann. Zudem musste der Tunnel auch wegen Glatteisbildung kurzfristig gesperrt werden.\u201c<\/p>\n<p class=\"expressive-copy-lg-body\">Wie auch <a href=\"https:\/\/www.morgenpost.de\/berlin\/ute-bonde\/\" target=\"_blank\" rel=\"noopener\">Verkehrssenatorin Ute Bonde (CDU)<\/a> auf eine Anfrage der AfD-Fraktion erkl\u00e4rte, sehen Vorschriften vor, dass Tunnel ab einer L\u00e4nge von 400 Metern dauerhaft von einer st\u00e4ndig besetzten Stelle zu \u00fcberwachen sind. \u00dcberwacht werden demnach die Anlagen der Betriebstechnik, der Verkehrstechnik und das Ereignismanagement, wozu <a href=\"https:\/\/www.morgenpost.de\/berlin\/unfaelle-berlin\/\" target=\"_blank\" rel=\"noopener\">Unf\u00e4lle<\/a> oder St\u00f6rungen z\u00e4hlen. F\u00fcr Herausforderungen sorgte dabei, dass das Land Berlin dabei \u00dcberwachungsaufgaben von der Autobahngesellschaft des Bundes \u00fcbernehmen musste. <\/p>\n<p>  Sperrung des Tiergartentunnels: Personal zur \u00dcberwachung ist knapp<\/p>\n<p class=\"expressive-copy-lg-body\">Bisher sei die Autobahngesellschaft mit ihrer Tunnelleitzentrale in Tegel f\u00fcr die \u00dcberwachung der betriebstechnischen Anlagen zust\u00e4ndig gewesen, wie L\u00fcftung, Kommunikation, Beleuchtung oder Stromversorgung. \u201eIm Zuge der erforderlichen Aufgabentrennung musste das Land Berlin f\u00fcr Tunnel von \u00fcber 400 Metern L\u00e4nge \u2013 derzeit ist das nur der Tunnel Tiergarten Spreebogen \u2013 eigene \u00dcberwachungsarbeitspl\u00e4tze einrichten und das erforderliche Personal einstellen und ausbilden\u201c, so Bonde.<\/p>\n<p class=\"expressive-copy-lg-body\">Eine neue Berliner Tunnelregelungszentrale wurde inzwischen in den R\u00e4umlichkeiten der Tunnelregelungszentrale in Tempelhof geschaffen; die hardwareseitige Ausstattung sei abgeschlossen. Schwierig ist dagegen noch die personelle Situation. Zwar seien die sechs vorhandenen Operatorstellen derzeit besetzt, ein Mitarbeitender m\u00fcsse nach seinem Dienstantritt im Januar 2026 aber noch geschult werden und sei daher noch nicht einsatzf\u00e4hig. \u201eDeshalb k\u00f6nnen krankheitsbedingte Ausf\u00e4lle nicht kompensiert werden\u201c, sagte Bonde. Denn wie die Senatorin weiter klarstellte, gebe es kein anderes Tunnel\u00fcberwachungsteam f\u00fcr Stra\u00dfentunnel im Land Berlin. \u201eEine Vertretung ist daher nur innerhalb des sechsk\u00f6pfigen Operatorenpools m\u00f6glich.\u201c<\/p>\n<p>  Mehr zum Thema Verkehr in Berlin<\/p>\n<p>  Verkehrssenatorin k\u00fcndigt Aufstockung des Tunnel\u00fcberwachungsteams an<\/p>\n<p class=\"expressive-copy-lg-body\">Derzeit unterst\u00fctzt die Tunnelleitzentrale der Autobahngesellschaft noch das Land Berlin, in dem sie die \u00dcberwachung des Tiergartentunnels an den Wochenenden \u00fcbernimmt. Dies gilt jedoch nur noch f\u00fcr begrenzte Zeit: \u201eDie \u00dcbernahme der \u00dcberwachungsaufgaben von der Tunnelleitzentrale der Autobahn des Bundes in Tegel erfolgt endg\u00fcltig zum 1. Juli 2026\u201c, sagte Bonde. Ab dann m\u00fcssen also die Besch\u00e4ftigten in Berlin die Aufgaben allein bew\u00e4ltigen. <\/p>\n<p>            Morgenpost der Chefredaktion<\/p>\n<p>Die ersten News des Tages \u2013 direkt von der Chefredaktion. Montag bis Samstag um 6:30 Uhr.<\/p>\n<p>            <img decoding=\"async\" src=\"https:\/\/www.europesays.com\/de\/wp-content\/uploads\/2026\/01\/1768401431_164_newsletter-envelope.png\" alt=\"Newsletter Illustration\" class=\"h-full w-full max-w-full object-cover md:max-w-[226px] lg:max-w-[234px]\" loading=\"lazy\"\/><\/p>\n<p>              Morgenpost der Chefredaktion<\/p>\n<p>Die ersten News des Tages \u2013 direkt von der Chefredaktion. Montag bis Samstag um 6:30 Uhr.<\/p>\n<p>              Mit meiner Anmeldung zum Newsletter stimme ich der<br \/>\n              <a href=\"https:\/\/www.morgenpost.de\/service\/newsletter-adconsent\" class=\"text-copy-accent underline decoration-solid underline-offset-1 hover:text-primary-700\" target=\"_blank\" rel=\"noopener\">Werbevereinbarung<\/a><br \/>\n              zu.<\/p>\n<p class=\"expressive-copy-lg-body\">Der Verkehrssenatorin zufolge sollen noch neue Stellen f\u00fcr die \u00dcberwachung geschaffen werden, auch mit den <a href=\"https:\/\/www.morgenpost.de\/berlin\/berliner-verkehrsbetriebe-bvg\/\" target=\"_blank\" rel=\"noopener\">Berliner Verkehrsbetrieben (BVG)<\/a> stehe man in Kontakt f\u00fcr eine \u201ePersonalgestellung\u201c. BVG-Mitarbeiter w\u00fcrden also Aufgaben der Tunnel\u00fcberwachung f\u00fcr das Land \u00fcbernehmen. Eine entsprechende Vereinbarung werde gerade verhandelt, sagte Bonde.<\/p>\n","protected":false},"excerpt":{"rendered":"Autofahrer in Berlin m\u00fcssen in dieser Woche \u2013 wieder einmal \u2013 Einschr\u00e4nkungen im Tiergartentunnel hinnehmen. In den N\u00e4chten&hellip;\n","protected":false},"author":2,"featured_media":717113,"comment_status":"","ping_status":"","sticky":false,"template":"","format":"standard","meta":{"footnotes":""},"categories":[1825],"tags":[1941,1939,296,1937,29,30,1940,1938],"class_list":{"0":"post-717844","1":"post","2":"type-post","3":"status-publish","4":"format-standard","5":"has-post-thumbnail","7":"category-berlin","8":"tag-aktuelle-nachrichten-aus-berlin","9":"tag-aktuelle-news-aus-berlin","10":"tag-berlin","11":"tag-berlin-news","12":"tag-deutschland","13":"tag-germany","14":"tag-nachrichten-aus-berlin","15":"tag-news-aus-berlin"},"share_on_mastodon":{"url":"https:\/\/pubeurope.com\/@de\/115893963835496419","error":""},"_links":{"self":[{"href":"https:\/\/www.europesays.com\/de\/wp-json\/wp\/v2\/posts\/717844","targetHints":{"allow":["GET"]}}],"collection":[{"href":"https:\/\/www.europesays.com\/de\/wp-json\/wp\/v2\/posts"}],"about":[{"href":"https:\/\/www.europesays.com\/de\/wp-json\/wp\/v2\/types\/post"}],"author":[{"embeddable":true,"href":"https:\/\/www.europesays.com\/de\/wp-json\/wp\/v2\/users\/2"}],"replies":[{"embeddable":true,"href":"https:\/\/www.europesays.com\/de\/wp-json\/wp\/v2\/comments?post=717844"}],"version-history":[{"count":0,"href":"https:\/\/www.europesays.com\/de\/wp-json\/wp\/v2\/posts\/717844\/revisions"}],"wp:featuredmedia":[{"embeddable":true,"href":"https:\/\/www.europesays.com\/de\/wp-json\/wp\/v2\/media\/717113"}],"wp:attachment":[{"href":"https:\/\/www.europesays.com\/de\/wp-json\/wp\/v2\/media?parent=717844"}],"wp:term":[{"taxonomy":"category","embeddable":true,"href":"https:\/\/www.europesays.com\/de\/wp-json\/wp\/v2\/categories?post=717844"},{"taxonomy":"post_tag","embeddable":true,"href":"https:\/\/www.europesays.com\/de\/wp-json\/wp\/v2\/tags?post=717844"}],"curies":[{"name":"wp","href":"https:\/\/api.w.org\/{rel}","templated":true}]}}