{"id":717845,"date":"2026-01-14T14:38:10","date_gmt":"2026-01-14T14:38:10","guid":{"rendered":"https:\/\/www.europesays.com\/de\/717845\/"},"modified":"2026-01-14T14:38:10","modified_gmt":"2026-01-14T14:38:10","slug":"leute-charli-xcx-kommt-zur-berlinale-panorama","status":"publish","type":"post","link":"https:\/\/www.europesays.com\/de\/717845\/","title":{"rendered":"Leute &#8211; Charli xcx kommt zur Berlinale &#8211; Panorama"},"content":{"rendered":"<p data-manual=\"paragraph\" data-schema-org-speakable=\"true\" class=\"css-1eosz7k\"><a href=\"https:\/\/www.sueddeutsche.de\/thema\/Berlin\" target=\"_blank\" rel=\"noopener\">Berlin<\/a> (dpa) &#8211; Popstar Charli xcx kommt zur <a href=\"https:\/\/www.sueddeutsche.de\/thema\/Berlinale\" target=\"_blank\" rel=\"noopener\">Berlinale<\/a>. Die 33-J\u00e4hrige steht auf der G\u00e4steliste f\u00fcr die n\u00e4chsten Filmfestspiele in Berlin, wie die Festivalleitung mitteilte. Die britische Musikerin spielt in \u201eThe Moment\u201c mit. Der <a href=\"https:\/\/www.sueddeutsche.de\/thema\/Film\" target=\"_blank\" rel=\"noopener\">Film<\/a> sei Mockumentary, feministische Selbsterm\u00e4chtigung und zugleich ein ironischer Meta-Kommentar auf das Musikgesch\u00e4ft.<\/p>\n<p data-manual=\"paragraph\" data-schema-org-speakable=\"true\" class=\"css-1eosz7k\">In dem Film soll laut Produktionsfirma auch Kylie Jenner (28) zu sehen sein, die ebenfalls erwartet wird. Sie ist mit Hollywoodstar Timoth\u00e9e Chalamet (30) liiert &#8211; ob er sie begleiten wird und dann seinen neuen Film \u201eMarty Supreme\u201c vorstellt? Dazu machte die Berlinale bisher keine Angaben.<\/p>\n<p>Wer noch nach Berlin kommt<\/p>\n<p data-manual=\"paragraph\" data-schema-org-speakable=\"true\" class=\"css-1eosz7k\">Erwartet werden auch die Schauspieler Ethan Hawke (55) und Alexander Skarsg\u00e5rd (49), Schauspielerin Amanda Seyfried (40) mit \u201eThe Testament of Ann Lee\u201c und die Schriftstellerin Siri Hustvedt (70), \u00fcber die ein Dokumentarfilm gedreht wurde (\u201eSiri Hustvedt \u2013 Dance Around the Self\u201c).<\/p>\n<p><img decoding=\"async\" src=\"https:\/\/www.europesays.com\/de\/wp-content\/uploads\/2026\/01\/e4869f4b-a199-41d0-8e39-c5a89667cafc.jpg\"   alt=\"Auf der G\u00e4steliste steht auch Schauspieler Alexander Skarsg\u00e5rd. (Archivbild)\" loading=\"lazy\" class=\"css-8atqhb\"\/>Auf der G\u00e4steliste steht auch Schauspieler Alexander Skarsg\u00e5rd. (Archivbild) (Foto: Vianney Le Caer\/Invision\/AP\/dpa)<\/p>\n<p data-manual=\"paragraph\" data-schema-org-speakable=\"true\" class=\"css-1eosz7k\">Die Berlinale z\u00e4hlt neben Cannes und Venedig zu den gro\u00dfen Filmfestivals. Die n\u00e4chste Ausgabe findet vom 12. bis 22. Februar statt. Das Programm f\u00fcr den Wettbewerb soll am Dienstag vorgestellt werden.<\/p>\n<p data-manual=\"paragraph\" data-schema-org-speakable=\"true\" class=\"css-1eosz7k\">Bekanntgegeben wurden nun Filme f\u00fcr die Sektionen Berlinale Special und Panorama. Gezeigt wird etwa die Romanverfilmung \u201eAllegro Pastell\u201c und eine Serienadaption von \u201eHerr der Fliegen\u201c. Auf der G\u00e4steliste steht auch die franz\u00f6sische Schauspielerin Isabelle Huppert (72), die mit Lars Eidinger (49) in \u201eDie Blutgr\u00e4fin\u201c von Ulrike Ottinger zu sehen ist.<\/p>\n<p data-manual=\"paragraph\" data-schema-org-speakable=\"true\" class=\"css-1eosz7k\">\u00a9 dpa-infocom, dpa:260114-930-543975\/1<\/p>\n","protected":false},"excerpt":{"rendered":"Berlin (dpa) &#8211; Popstar Charli xcx kommt zur Berlinale. Die 33-J\u00e4hrige steht auf der G\u00e4steliste f\u00fcr die n\u00e4chsten&hellip;\n","protected":false},"author":2,"featured_media":717846,"comment_status":"","ping_status":"","sticky":false,"template":"","format":"standard","meta":{"footnotes":""},"categories":[1825],"tags":[147,296,5545,165314,29,3448,92,30,551,984,2549,810,1974,23148,149],"class_list":{"0":"post-717845","1":"post","2":"type-post","3":"status-publish","4":"format-standard","5":"has-post-thumbnail","7":"category-berlin","8":"tag-ausland","9":"tag-berlin","10":"tag-berlinale","11":"tag-berlinale-palast","12":"tag-deutschland","13":"tag-festivals","14":"tag-film","15":"tag-germany","16":"tag-grossbritannien","17":"tag-international","18":"tag-leute","19":"tag-musik","20":"tag-panorama","21":"tag-personen","22":"tag-sueddeutsche-zeitung"},"share_on_mastodon":{"url":"https:\/\/pubeurope.com\/@de\/115893967843305383","error":""},"_links":{"self":[{"href":"https:\/\/www.europesays.com\/de\/wp-json\/wp\/v2\/posts\/717845","targetHints":{"allow":["GET"]}}],"collection":[{"href":"https:\/\/www.europesays.com\/de\/wp-json\/wp\/v2\/posts"}],"about":[{"href":"https:\/\/www.europesays.com\/de\/wp-json\/wp\/v2\/types\/post"}],"author":[{"embeddable":true,"href":"https:\/\/www.europesays.com\/de\/wp-json\/wp\/v2\/users\/2"}],"replies":[{"embeddable":true,"href":"https:\/\/www.europesays.com\/de\/wp-json\/wp\/v2\/comments?post=717845"}],"version-history":[{"count":0,"href":"https:\/\/www.europesays.com\/de\/wp-json\/wp\/v2\/posts\/717845\/revisions"}],"wp:featuredmedia":[{"embeddable":true,"href":"https:\/\/www.europesays.com\/de\/wp-json\/wp\/v2\/media\/717846"}],"wp:attachment":[{"href":"https:\/\/www.europesays.com\/de\/wp-json\/wp\/v2\/media?parent=717845"}],"wp:term":[{"taxonomy":"category","embeddable":true,"href":"https:\/\/www.europesays.com\/de\/wp-json\/wp\/v2\/categories?post=717845"},{"taxonomy":"post_tag","embeddable":true,"href":"https:\/\/www.europesays.com\/de\/wp-json\/wp\/v2\/tags?post=717845"}],"curies":[{"name":"wp","href":"https:\/\/api.w.org\/{rel}","templated":true}]}}