{"id":717851,"date":"2026-01-14T14:41:12","date_gmt":"2026-01-14T14:41:12","guid":{"rendered":"https:\/\/www.europesays.com\/de\/717851\/"},"modified":"2026-01-14T14:41:12","modified_gmt":"2026-01-14T14:41:12","slug":"berlin-brandenburg-kleist-foerderpreis-geht-an-das-stueck-debritz","status":"publish","type":"post","link":"https:\/\/www.europesays.com\/de\/717851\/","title":{"rendered":"Berlin &#038; Brandenburg: Kleist-F\u00f6rderpreis geht an das St\u00fcck &#8222;Debritz&#8220;"},"content":{"rendered":"<p>Berlin &amp; BrandenburgKleist-F\u00f6rderpreis geht an das St\u00fcck &#8222;Debritz&#8220;<img decoding=\"async\" class=\"Image_img__fQCi0 Image_Img_16_9__4BLfH\" loading=\"eager\" fetchpriority=\"high\" src=\"https:\/\/www.europesays.com\/de\/wp-content\/uploads\/2026\/01\/Kaleb-Erdmanns-Stueck-wird-nun-in-Karlsruhe-uraufgefuehrt.webp.webp\" alt=\"Kaleb-Erdmanns-Stueck-wird-nun-in-Karlsruhe-uraufgefuehrt\"\/>TeilenFolgen auf:<a href=\"https:\/\/www.whatsapp.com\/channel\/0029Va5cdVJD8SDp5YZgYF01\" title=\"Auf WhatsApp folgen\" target=\"_blank\" rel=\"noopener\"><img decoding=\"async\" src=\"https:\/\/www.n-tv.de\/socialIcons\/whatsapp.svg\" alt=\"whatsapp\" class=\"ArticleShare_icon__FsrC2\"\/><\/a><a href=\"https:\/\/news.google.com\/publications\/CAAiEPMdif5mpRNxiLOeUpHCwwsqFAgKIhDzHYn-ZqUTcYiznlKRwsML?hl=de&amp;gl=DE&amp;ceid=DE%3Ade\" title=\"Auf Google News folgen\" target=\"_blank\" rel=\"noopener\"><img decoding=\"async\" src=\"https:\/\/www.n-tv.de\/socialIcons\/google.svg\" alt=\"whatsapp\" class=\"ArticleShare_icon__FsrC2\"\/><\/a><\/p>\n<p class=\"Typography_text-m__XI0da Typography_weight-bold__uT6mq storyline_lead_text_leadtext__q_wg8\">Dreimal so viele Theaterst\u00fccke wie in den Jahren zuvor k\u00e4mpften um den begehrten Kulturpreis aus Brandenburg. Nun steht der diesj\u00e4hrige Gewinner fest.<\/p>\n<p class=\"Typography_text-default__P3otY Typography_weight-normal__pqUbH storyline_paragraph_p__qSR5N\">Frankfurt\/Oder (dpa\/bb) &#8211; Der 31. Kleist-F\u00f6rderpreis f\u00fcr neue Dramatik geht an den Autor Kaleb Erdmann und sein St\u00fcck &#8222;Debritz&#8220;. Die Jury w\u00e4hlte dieses aus 174 eingesendeten Theatertexten aus, erkl\u00e4rte eine Sprecherin des Kleist Forum. Die offizielle Preisverleihung soll w\u00e4hrend der Kleist-Festtage Anfang Oktober stattfinden.<\/p>\n<p class=\"Typography_text-default__P3otY Typography_weight-normal__pqUbH storyline_paragraph_p__qSR5N\">Seit 1996 werden Autoren und Autorinnen durch die Auszeichnung gef\u00f6rdert. Erdmann erh\u00e4lt nun neben 10.000 Euro auch eine Garantie zur Urauff\u00fchrung seines St\u00fcckes. Dieses wird im Juni vom Badischen Staatstheater Karlsruhe inszeniert.<\/p>\n<p class=\"Typography_text-default__P3otY Typography_weight-normal__pqUbH storyline_paragraph_p__qSR5N\">Dabei befinden wir uns auf dem Land im Osten Deutschlands. Peggy ist die Protagonistin einer Handlung, die sich zwischen &#8222;Farce, M\u00e4rchen, Satire und Sozialdrama&#8220; bewegt, erkl\u00e4rte das Forum weiter. Auf ihrem Schweinehof werden die Tiere krank. Die \u00f6rtliche Solequelle verschmutzt das Trinkwasser. Daraufhin m\u00f6chte Peggy diese kurzerhand stilllegen. Doch andere Menschen sowie die Interessen eines Salzgeistes mischen sich in ihr Vorhaben.<\/p>\n<p class=\"Typography_text-s__wu_cm Typography_weight-normal__pqUbH Typography_color-darkgrey__sZEnP article-detail-footer_source__KslPc\">Quelle: dpa<\/p>\n","protected":false},"excerpt":{"rendered":"Berlin &amp; BrandenburgKleist-F\u00f6rderpreis geht an das St\u00fcck &#8222;Debritz&#8220;TeilenFolgen auf: Dreimal so viele Theaterst\u00fccke wie in den Jahren zuvor&hellip;\n","protected":false},"author":2,"featured_media":717852,"comment_status":"","ping_status":"","sticky":false,"template":"","format":"standard","meta":{"footnotes":""},"categories":[1825],"tags":[296,29,30],"class_list":{"0":"post-717851","1":"post","2":"type-post","3":"status-publish","4":"format-standard","5":"has-post-thumbnail","7":"category-berlin","8":"tag-berlin","9":"tag-deutschland","10":"tag-germany"},"share_on_mastodon":{"url":"https:\/\/pubeurope.com\/@de\/115893979770839381","error":""},"_links":{"self":[{"href":"https:\/\/www.europesays.com\/de\/wp-json\/wp\/v2\/posts\/717851","targetHints":{"allow":["GET"]}}],"collection":[{"href":"https:\/\/www.europesays.com\/de\/wp-json\/wp\/v2\/posts"}],"about":[{"href":"https:\/\/www.europesays.com\/de\/wp-json\/wp\/v2\/types\/post"}],"author":[{"embeddable":true,"href":"https:\/\/www.europesays.com\/de\/wp-json\/wp\/v2\/users\/2"}],"replies":[{"embeddable":true,"href":"https:\/\/www.europesays.com\/de\/wp-json\/wp\/v2\/comments?post=717851"}],"version-history":[{"count":0,"href":"https:\/\/www.europesays.com\/de\/wp-json\/wp\/v2\/posts\/717851\/revisions"}],"wp:featuredmedia":[{"embeddable":true,"href":"https:\/\/www.europesays.com\/de\/wp-json\/wp\/v2\/media\/717852"}],"wp:attachment":[{"href":"https:\/\/www.europesays.com\/de\/wp-json\/wp\/v2\/media?parent=717851"}],"wp:term":[{"taxonomy":"category","embeddable":true,"href":"https:\/\/www.europesays.com\/de\/wp-json\/wp\/v2\/categories?post=717851"},{"taxonomy":"post_tag","embeddable":true,"href":"https:\/\/www.europesays.com\/de\/wp-json\/wp\/v2\/tags?post=717851"}],"curies":[{"name":"wp","href":"https:\/\/api.w.org\/{rel}","templated":true}]}}