{"id":717857,"date":"2026-01-14T14:46:12","date_gmt":"2026-01-14T14:46:12","guid":{"rendered":"https:\/\/www.europesays.com\/de\/717857\/"},"modified":"2026-01-14T14:46:12","modified_gmt":"2026-01-14T14:46:12","slug":"wegen-krankheit-unheilig-muessen-zwei-konzerte-absagen","status":"publish","type":"post","link":"https:\/\/www.europesays.com\/de\/717857\/","title":{"rendered":"Wegen Krankheit! Unheilig m\u00fcssen zwei Konzerte absagen"},"content":{"rendered":"<p>Krankheit in der Grafen-TruppeN\u00e4chster R\u00fcckschlag! Unheilig m\u00fcssen zwei Konzerte absagen<img alt=\"Der Graf geht auch im kommenden Jahr weiter auf Tour und nicht nur das ... (Archivbild)\" fetchpriority=\"high\" width=\"940\" height=\"529\" decoding=\"async\" data-nimg=\"1\" class=\"Image_image__SdgLQ Picture_image__vGN9W\" style=\"color:transparent\"   src=\"https:\/\/www.europesays.com\/de\/wp-content\/uploads\/2026\/01\/80360387.webp.webp\"\/><\/p>\n<p>Fans des Grafen m\u00fcssen jetzt ganz stark sein<\/p>\n<p>picture alliance<\/p>\n<p>14. Januar 2026 um 11:52 Uhr<\/p>\n<p class=\"AnnotatedMarkup_paragraph__IUT9l\"><strong>Das ist bitter!<\/strong><br \/>Letzte Woche erst mussten zwei Auftritte in Hamburg ausfallen, jetzt hat Unheilig kurzfristig zwei weitere Konzerte in Oberhausen abgesagt. Diesmal krankheitsbedingt. Irgendwie ist in der R\u00fcckkehr des Grafen auf die B\u00fchne der Wurm drin.<\/p>\n<p>Die Band um den Grafen muss ihre Fans entt\u00e4uschen<\/p>\n<p class=\"AnnotatedMarkup_paragraph__IUT9l\">Unheilig hat zwei Konzerte an diesem Donnerstag und Freitag in Oberhausen kurzfristig abgesagt. \u201eLeider m\u00fcssen die beiden geplanten Unheilig-Shows am 15.01.2026 und 16.01.2026 in der Turbinenhalle Oberhausen krankheitsbedingt abgesagt werden\u201d, teilte Unheilig auf Instagram mit. \u201eWir bedauern diese Entscheidung sehr und bitten alle Fans um Verst\u00e4ndnis.\u201d<\/p>\n<p>Gerade erst nach zehn Jahren Pause zur\u00fcck<\/p>\n<p class=\"AnnotatedMarkup_paragraph__IUT9l\">Es werde einen Nachholtermin am 7. Mai in der Mitsubishi Electric Hall in D\u00fcsseldorf geben. \u201eAlle bereits gekauften Tickets behalten f\u00fcr den neuen Termin ihre G\u00fcltigkeit\u201d, hie\u00df es.<\/p>\n<p><img alt=\"Als Musik meine Sprache wurde - Der Graf liest seine Autobiografie\" fetchpriority=\"auto\" loading=\"lazy\" width=\"615\" height=\"346\" decoding=\"async\" data-nimg=\"1\" class=\"Image_image__SdgLQ RtlPlusContent_image__Gbn0N\" style=\"color:transparent\"   src=\"https:\/\/www.europesays.com\/de\/wp-content\/uploads\/2026\/01\/unheilig-giografie-rtlplus.webp.webp\"\/><\/p>\n<p class=\"AnnotatedMarkup_paragraph__IUT9l\">In der vergangenen Woche waren bereits zwei Konzerte in Hamburg wegen der Witterungsverh\u00e4ltnisse mit viel Schnee und eisigen Temperaturen gestrichen worden.<\/p>\n<p class=\"AnnotatedMarkup_paragraph__IUT9l\">Der Graf ist der S\u00e4nger der Band Unheilig. Die Gruppe ist derzeit auf \u201eWieder zur\u00fcck\u201d-Tour und will am 13. M\u00e4rz 2026 das neue Album \u201eLiebe Glaube Monster\u201d ver\u00f6ffentlichen. Unheilig hatte sich nach rund zehn Jahren Pause zur\u00fcckgemeldet. (tbe\/dpa)<\/p>\n<p class=\"AnnotatedMarkup_paragraph__IUT9l\">Verwendete Quelle: dpa<\/p>\n","protected":false},"excerpt":{"rendered":"Krankheit in der Grafen-TruppeN\u00e4chster R\u00fcckschlag! Unheilig m\u00fcssen zwei Konzerte absagen Fans des Grafen m\u00fcssen jetzt ganz stark sein&hellip;\n","protected":false},"author":2,"featured_media":717858,"comment_status":"","ping_status":"","sticky":false,"template":"","format":"standard","meta":{"footnotes":""},"categories":[1772],"tags":[1801,29,143739,214,30,165315,143737,1779,810,143738,5276,2045,12,5275,55727,215,143736],"class_list":{"0":"post-717857","1":"post","2":"type-post","3":"status-publish","4":"format-standard","5":"has-post-thumbnail","7":"category-musik","8":"tag-celebrities","9":"tag-deutschland","10":"tag-ems_unterhaltung_stars","11":"tag-entertainment","12":"tag-germany","13":"tag-graf-von-unheilig","14":"tag-klatsch-und-tratsch","15":"tag-music","16":"tag-musik","17":"tag-promi-news-aktuell","18":"tag-promi-news","19":"tag-promis","20":"tag-schlagzeilen","21":"tag-star-news","22":"tag-unheilig","23":"tag-unterhaltung","24":"tag-vip-news"},"share_on_mastodon":{"url":"https:\/\/pubeurope.com\/@de\/115893999081174751","error":""},"_links":{"self":[{"href":"https:\/\/www.europesays.com\/de\/wp-json\/wp\/v2\/posts\/717857","targetHints":{"allow":["GET"]}}],"collection":[{"href":"https:\/\/www.europesays.com\/de\/wp-json\/wp\/v2\/posts"}],"about":[{"href":"https:\/\/www.europesays.com\/de\/wp-json\/wp\/v2\/types\/post"}],"author":[{"embeddable":true,"href":"https:\/\/www.europesays.com\/de\/wp-json\/wp\/v2\/users\/2"}],"replies":[{"embeddable":true,"href":"https:\/\/www.europesays.com\/de\/wp-json\/wp\/v2\/comments?post=717857"}],"version-history":[{"count":0,"href":"https:\/\/www.europesays.com\/de\/wp-json\/wp\/v2\/posts\/717857\/revisions"}],"wp:featuredmedia":[{"embeddable":true,"href":"https:\/\/www.europesays.com\/de\/wp-json\/wp\/v2\/media\/717858"}],"wp:attachment":[{"href":"https:\/\/www.europesays.com\/de\/wp-json\/wp\/v2\/media?parent=717857"}],"wp:term":[{"taxonomy":"category","embeddable":true,"href":"https:\/\/www.europesays.com\/de\/wp-json\/wp\/v2\/categories?post=717857"},{"taxonomy":"post_tag","embeddable":true,"href":"https:\/\/www.europesays.com\/de\/wp-json\/wp\/v2\/tags?post=717857"}],"curies":[{"name":"wp","href":"https:\/\/api.w.org\/{rel}","templated":true}]}}