{"id":717865,"date":"2026-01-14T14:50:13","date_gmt":"2026-01-14T14:50:13","guid":{"rendered":"https:\/\/www.europesays.com\/de\/717865\/"},"modified":"2026-01-14T14:50:13","modified_gmt":"2026-01-14T14:50:13","slug":"zdf-aeussert-sich-nach-quotenmisere","status":"publish","type":"post","link":"https:\/\/www.europesays.com\/de\/717865\/","title":{"rendered":"ZDF \u00e4u\u00dfert sich nach Quotenmisere"},"content":{"rendered":"<p>TV-Reihe in der Kritik <\/p>\n<p>&#8222;Ku&#8217;damm 77&#8220;-Zahlen erregen Aufsehen \u2013 ZDF reagiert<\/p>\n<p>14.01.2026 &#8211; 15:01 UhrLesedauer: 2 Min.<\/p>\n<p><a href=\"#focus-0\" class=\"transition-colors duration-200 block text-current relative\" data-sctrack=\"FocusGalleryImage.Reference\"><img fetchpriority=\"high\" data-testid=\"Opener.Image\" style=\"--lqipURL:url('https:\/\/images.t-online.de\/2026\/01\/Q74bCGlrCXnP\/99x144:1741x980\/fit-in\/150x0\/filters:blur(25)\/helga-von-boost-maria-ehrich-m-caterina-schoellack-claudia-michelsen-l-und-monika-franck-schoellack-sonja-gerhardt-r-das-trio-staunt-beim-leichenschmaus.jpg')\"   loading=\"eager\" src=\"https:\/\/www.europesays.com\/de\/wp-content\/uploads\/2026\/01\/helga-von-boost-maria-ehrich-m-caterina-schoellack-claudia-michelsen-l-und-monika-franck-schoellack-.jpeg\" alt=\"Helga von Boost (Maria Ehrich, M.), Caterina Sch\u00f6llack (Claudia Michelsen, l.) und Monika Franck-Sch\u00f6llack (Sonja Gerhardt, r. ): Das Trio staunt beim Leichenschmaus.\" title=\"Helga von Boost (Maria Ehrich, M.), Caterina Sch\u00f6llack (Claudia Michelsen, l.) und Monika Franck-Sch\u00f6llack (Sonja Gerhardt, r. ): Das Trio staunt beim Leichenschmaus.\" width=\"1741\" height=\"980\" class=\"bg-[url:var(--lqipURL)] bg-cover bg-center flex h-full w-full max-w-full\" decoding=\"async\"\/><img style=\"--width:32;--height:32\" loading=\"lazy\" src=\"https:\/\/www.t-online.de\/s\/paper\/_next\/static\/media\/zoom-in.f7dae02f.svg\" alt=\"Vergr\u00f6\u00dfern des Bildes\" title=\"Vergr\u00f6\u00dfern des Bildes\" class=\"block h-[calc(var(--height)_\/_16_*_1rem)] w-[calc(var(--width)_\/_16_*_1rem)] max-w-none absolute bottom-8 right-8 rounded-4 bg-snow p-8\" decoding=\"async\"\/><\/a><\/p>\n<p>Helga von Boost (Maria Ehrich, M.), Caterina Sch\u00f6llack (Claudia Michelsen, l.) und Monika Franck-Sch\u00f6llack (Sonja Gerhardt, r. ): Das Trio staunt beim Leichenschmaus. (Quelle: Conny Klein\/ZDF)<\/p>\n<p class=\"font-bold text-18 leading-17\">Aktuell l\u00e4uft die vierte Staffel der ZDF-Reihe &#8222;Ku&#8217;damm&#8220;. Die Einschaltquoten sind \u00fcberschaubar. Jetzt gibt der Sender einen Hinweis, woran das liegen k\u00f6nnte.<\/p>\n<p class=\"text-18 leading-17\">Als t-online am Mittwoch \u00fcber seinen Instagram-Kanal ein Posting mit der Frage &#8222;Wie gef\u00e4llt euch &#8218;Ku&#8217;damm 77&#8220; absetzt, sind die Reaktionen der Fans gemischt. &#8222;Die ersten Staffeln waren viel besser&#8220;, meint eine Userin und eine andere h\u00e4lt dagegen: &#8222;Ich liebe alle Staffeln, auch die jetzige ist wieder gut gelungen und ich freue mich sehr.&#8220;<\/p>\n<p class=\"text-18 leading-17\">Innerhalb weniger Stunden sammeln sich gut 40 Zuschriften, in denen es viele positive R\u00fcckmeldungen gibt. &#8222;Sehr gut, alle Darsteller, Story, Musik. <a class=\"transition-colors duration-200 cursor-pointer text-inherit no-underline text-salemsfur md:hover:text-magenta md:hover:border-magenta md:focus:text-magenta border-current border-b border-solid break-words\" href=\"https:\/\/www.t-online.de\/themen\/claudia-michelsen\/\" data-sctrack=\"BodyAnchor\" target=\"_blank\" rel=\"noopener\">Claudia Michelsen<\/a> ist wunderbar!&#8220; Tags zuvor sah dies auf X noch anders aus: Dort \u00e4u\u00dferten sich Fans des Formats mehrheitlich negativ \u00fcber die neuen Folgen der ZDF-Serie.<\/p>\n<p class=\"text-18 leading-17\">Seit Dienstag wird unter Fans, aber auch in den Medien diskutiert, wie die neue Staffel zu bewerten ist. Die Einschaltquoten erweckten den Eindruck, das Interesse am Format sei erloschen \u2013 oder zumindest stark abgeflaut. Die Auftaktfolge schalteten deutlich weniger Menschen ein als die Vorg\u00e4ngerstaffeln. Teil zwei von &#8222;Ku&#8217;damm 77&#8220; lockte am Dienstagabend nur noch 2,64 Millionen Menschen vor die Bildschirme. Ein auffallend unterdurchschnittlicher Wert f\u00fcr den Sender, aber auch f\u00fcr die einstige Erfolgsreihe.<\/p>\n<p class=\"text-18 leading-17\">Das <a class=\"transition-colors duration-200 cursor-pointer text-inherit no-underline text-salemsfur md:hover:text-magenta md:hover:border-magenta md:focus:text-magenta border-current border-b border-solid break-words\" href=\"https:\/\/www.t-online.de\/themen\/zdf\/\" data-sctrack=\"BodyAnchor\" target=\"_blank\" rel=\"noopener\">ZDF<\/a> m\u00f6chte auf Anfrage von t-online noch nicht dezidiert zur Bilanz der Quotenzahlen Stellung nehmen. Man \u00e4u\u00dfere sich dazu am Donnerstag abschlie\u00dfend, wenn die letzte Episode ausgestrahlt wurde.<\/p>\n<p><img style=\"--width:42;--height:32\" loading=\"lazy\" src=\"https:\/\/www.t-online.de\/s\/paper\/_next\/static\/media\/quotationmark.8b94917b.svg\" alt=\"Anf\u00fchrungszeichen\" title=\"Anf\u00fchrungszeichen\" class=\"block h-[calc(var(--height)_\/_16_*_1rem)] w-[calc(var(--width)_\/_16_*_1rem)] max-w-none mx-12 md:w-[41px]\" decoding=\"async\"\/><\/p>\n<p class=\"py-24 text-22 text-salemsfur\">Die neue Staffel ist im Streamingportal \u00e4u\u00dferst erfolgreich und verzeichnet schon jetzt \u00fcber 8 Millionen Abrufe.<\/p>\n<p class=\"tracking-wider pb-24 pt-12 text-16 uppercase leading-17 text-manatee\">zdf-sprecherin<\/p>\n","protected":false},"excerpt":{"rendered":"TV-Reihe in der Kritik &#8222;Ku&#8217;damm 77&#8220;-Zahlen erregen Aufsehen \u2013 ZDF reagiert 14.01.2026 &#8211; 15:01 UhrLesedauer: 2 Min. Helga&hellip;\n","protected":false},"author":2,"featured_media":717866,"comment_status":"","ping_status":"","sticky":false,"template":"","format":"standard","meta":{"footnotes":""},"categories":[155],"tags":[2320,29,55561,214,30,152,162620,2328,226,215,1448],"class_list":{"0":"post-717865","1":"post","2":"type-post","3":"status-publish","4":"format-standard","5":"has-post-thumbnail","7":"category-unterhaltung","8":"tag-claudia-michelsen","9":"tag-deutschland","10":"tag-einschaltquote","11":"tag-entertainment","12":"tag-germany","13":"tag-instagram","14":"tag-maria-ehrich","15":"tag-sonja-gerhardt","16":"tag-t-online","17":"tag-unterhaltung","18":"tag-zdf"},"share_on_mastodon":{"url":"https:\/\/pubeurope.com\/@de\/115894014846554206","error":""},"_links":{"self":[{"href":"https:\/\/www.europesays.com\/de\/wp-json\/wp\/v2\/posts\/717865","targetHints":{"allow":["GET"]}}],"collection":[{"href":"https:\/\/www.europesays.com\/de\/wp-json\/wp\/v2\/posts"}],"about":[{"href":"https:\/\/www.europesays.com\/de\/wp-json\/wp\/v2\/types\/post"}],"author":[{"embeddable":true,"href":"https:\/\/www.europesays.com\/de\/wp-json\/wp\/v2\/users\/2"}],"replies":[{"embeddable":true,"href":"https:\/\/www.europesays.com\/de\/wp-json\/wp\/v2\/comments?post=717865"}],"version-history":[{"count":0,"href":"https:\/\/www.europesays.com\/de\/wp-json\/wp\/v2\/posts\/717865\/revisions"}],"wp:featuredmedia":[{"embeddable":true,"href":"https:\/\/www.europesays.com\/de\/wp-json\/wp\/v2\/media\/717866"}],"wp:attachment":[{"href":"https:\/\/www.europesays.com\/de\/wp-json\/wp\/v2\/media?parent=717865"}],"wp:term":[{"taxonomy":"category","embeddable":true,"href":"https:\/\/www.europesays.com\/de\/wp-json\/wp\/v2\/categories?post=717865"},{"taxonomy":"post_tag","embeddable":true,"href":"https:\/\/www.europesays.com\/de\/wp-json\/wp\/v2\/tags?post=717865"}],"curies":[{"name":"wp","href":"https:\/\/api.w.org\/{rel}","templated":true}]}}