{"id":717921,"date":"2026-01-14T15:20:13","date_gmt":"2026-01-14T15:20:13","guid":{"rendered":"https:\/\/www.europesays.com\/de\/717921\/"},"modified":"2026-01-14T15:20:13","modified_gmt":"2026-01-14T15:20:13","slug":"frankreich-weist-neun-briten-aus-sie-zerstoerten-fluechtlingsboote","status":"publish","type":"post","link":"https:\/\/www.europesays.com\/de\/717921\/","title":{"rendered":"Frankreich weist neun Briten aus \u2013 sie zerst\u00f6rten Fl\u00fcchtlingsboote"},"content":{"rendered":"\n<p><strong>Frankreich hat zehn britische Rechtsextremisten ausgewiesen. Sie zerst\u00f6rten an der K\u00fcste Fl\u00fcchtlingsboote und verbreiteten Propaganda gegen Migration \u00fcber den \u00c4rmelkanal.<\/strong><\/p>\n<p>Frankreich hat zehn britische Rechtsextremisten ausgewiesen, die an der nordfranz\u00f6sischen K\u00fcste Fl\u00fcchtlingsboote zerst\u00f6rt und Propaganda zur Beendigung der Migration \u00fcber den \u00c4rmelkanal betrieben haben sollen. Den als Aktivisten der britischen Bewegung \u201eRaise the colours\u201c identifizierten Briten sei die Einreise und der Aufenthalt in Frankreich untersagt worden, teilte Frankreichs Innenminister Laurent Nu\u00f1ez mit. Ihre Aktionen, mit denen sie zu Hass und Diskriminierung aufriefen, seien geeignet gewesen, die \u00f6ffentliche Ordnung ernsthaft zu st\u00f6ren.<\/p>\n<p>Von verschiedener Seite habe es Hinweise auf die rechtsextremen Aktivisten gegeben, die sich insbesondere mit der Suche und Zerst\u00f6rung von Fl\u00fcchtlingsbooten und Propagandaaktivit\u00e4ten befasst h\u00e4tten. Diese seien an die britische \u00d6ffentlichkeit gerichtet gewesen und h\u00e4tten dazu aufgerufen, sich der Bewegung anzuschlie\u00dfen, um der Migration ein Ende zu setzen.\u00a0<\/p>\n<p>  Bewegung \u201eRaise the colours\u201c f\u00fcr Patriotismus<\/p>\n<p>In gro\u00dfer Zahl \u00fcberqueren Migranten seit Jahren von Nordfrankreich aus in kleinen Booten den \u00c4rmelkanal, um Gro\u00dfbritannien zu erreichen. Gro\u00dfbritannien versucht seit L\u00e4ngerem, die Migration auch mit franz\u00f6sischer Hilfe einzud\u00e4mmen, und zahlt daf\u00fcr Millionensummen an Paris.\u00a0<\/p>\n<p><strong>Das k\u00f6nnte Sie auch interessieren:<\/strong> <a href=\"https:\/\/www.mopo.de\/im-norden\/schleswig-holstein\/radfahrerin-bepoebelt-und-in-graben-geschubst-autofahrer-verurteilt\/\" target=\"_blank\" rel=\"noopener\">Radfahrerin bep\u00f6belt und in Graben geschubst: Autofahrer verurteilt<\/a><\/p>\n<p>Knapp 41.500 Migranten erreichten im vergangenen Jahr nach der gef\u00e4hrlichen \u00dcberfahrt \u00fcber die Meerenge Gro\u00dfbritannien. Dort werden die Migration und Ma\u00dfnahmen zu ihrer Begrenzung seit Langem hitzig debattiert. Rechtspopulisten und Konservative forderten zuletzt ein h\u00e4rteres Vorgehen.<\/p>\n<p>Die Bewegung \u201eRaise the colours\u201c hatte in Gro\u00dfbritannien im Sommer mit Aktionen von sich reden gemacht, in denen dazu aufgerufen wurde, \u00fcberall im Land britische Flaggen aufzuh\u00e4ngen. Es gehe darum, landesweit Einheit und Patriotismus zu zeigen, erkl\u00e4rte die Bewegung. Sie soll nach britischen Medienberichten Unterst\u00fctzung von rechtsextremen Gruppierungen erhalten haben. (dpa\/mp)<\/p>\n<p> <img decoding=\"async\" class=\"vg_wort_pixel\" src=\"https:\/\/www.europesays.com\/de\/wp-content\/uploads\/2026\/01\/vgzm.1021513-mopo-1750639.gif\" alt=\"\" style=\"width: 1px; height: 1px; position: absolute; pointer-events: none;\"\/><\/p>\n","protected":false},"excerpt":{"rendered":"Frankreich hat zehn britische Rechtsextremisten ausgewiesen. Sie zerst\u00f6rten an der K\u00fcste Fl\u00fcchtlingsboote und verbreiteten Propaganda gegen Migration \u00fcber&hellip;\n","protected":false},"author":2,"featured_media":717922,"comment_status":"","ping_status":"","sticky":false,"template":"","format":"standard","meta":{"footnotes":""},"categories":[3974],"tags":[331,332,548,663,3934,3980,156,13,14,15,12],"class_list":{"0":"post-717921","1":"post","2":"type-post","3":"status-publish","4":"format-standard","5":"has-post-thumbnail","7":"category-frankreich","8":"tag-aktuelle-nachrichten","9":"tag-aktuelle-news","10":"tag-eu","11":"tag-europa","12":"tag-europe","13":"tag-france","14":"tag-frankreich","15":"tag-headlines","16":"tag-nachrichten","17":"tag-news","18":"tag-schlagzeilen"},"share_on_mastodon":{"url":"https:\/\/pubeurope.com\/@de\/115894132595192176","error":""},"_links":{"self":[{"href":"https:\/\/www.europesays.com\/de\/wp-json\/wp\/v2\/posts\/717921","targetHints":{"allow":["GET"]}}],"collection":[{"href":"https:\/\/www.europesays.com\/de\/wp-json\/wp\/v2\/posts"}],"about":[{"href":"https:\/\/www.europesays.com\/de\/wp-json\/wp\/v2\/types\/post"}],"author":[{"embeddable":true,"href":"https:\/\/www.europesays.com\/de\/wp-json\/wp\/v2\/users\/2"}],"replies":[{"embeddable":true,"href":"https:\/\/www.europesays.com\/de\/wp-json\/wp\/v2\/comments?post=717921"}],"version-history":[{"count":0,"href":"https:\/\/www.europesays.com\/de\/wp-json\/wp\/v2\/posts\/717921\/revisions"}],"wp:featuredmedia":[{"embeddable":true,"href":"https:\/\/www.europesays.com\/de\/wp-json\/wp\/v2\/media\/717922"}],"wp:attachment":[{"href":"https:\/\/www.europesays.com\/de\/wp-json\/wp\/v2\/media?parent=717921"}],"wp:term":[{"taxonomy":"category","embeddable":true,"href":"https:\/\/www.europesays.com\/de\/wp-json\/wp\/v2\/categories?post=717921"},{"taxonomy":"post_tag","embeddable":true,"href":"https:\/\/www.europesays.com\/de\/wp-json\/wp\/v2\/tags?post=717921"}],"curies":[{"name":"wp","href":"https:\/\/api.w.org\/{rel}","templated":true}]}}