{"id":717959,"date":"2026-01-14T15:43:14","date_gmt":"2026-01-14T15:43:14","guid":{"rendered":"https:\/\/www.europesays.com\/de\/717959\/"},"modified":"2026-01-14T15:43:14","modified_gmt":"2026-01-14T15:43:14","slug":"keine-tore-hartes-programm-werder-taumelt-in-den-abstiegskampf","status":"publish","type":"post","link":"https:\/\/www.europesays.com\/de\/717959\/","title":{"rendered":"Keine Tore, hartes Programm: Werder taumelt in den Abstiegskampf"},"content":{"rendered":"<p class=\"article-toplinewrapper\">\n<p>Standdatum: 14. Januar 2026.<\/p>\n<p>Autorinnen und Autoren:<br \/>\nKarsten L\u00fcbben<\/p>\n<p><img decoding=\"async\" class=\"image -image-with-fallback -image-rounded  lazyload\" src=\"data:image\/gif;base64,R0lGODlhEAAJAIAAAP\/\/\/\/\/\/\/yH5BAEKAAEALAAAAAAQAAkAAAIKjI+py+0Po5yUFQA7\"   alt=\"Einige Werder-Spieler und Coach Horst Steffen schauen frustriert nach der Niederlage in Dortmund. \" data-image-owner=\"Imago | Rhr-Foto\" data-image-title=\"Einige Werder-Spieler und Coach Horst Steffen schauen frustriert nach der Niederlage in Dortmund. \" data-image-src=\"https:\/\/www.butenunbinnen.de\/bilder\/werder-frust-dortmund-100~_v-800x450_c-1768403060617.jpg\" data-image-rights-src=\"\/bilder\/werder-frust-dortmund-100~_v-640x360_c-1768403060617.jpg\"\/><\/p>\n<p>Keine Punkte in Dortmund: Werder kassierte beim BVB eine 0:3-Niederlage.<\/p>\n<p>Bild: Imago  | Rhr-Foto<\/p>\n<p class=\"article-intro\">Verzwickte Lage f\u00fcr die Bremer: Seit sechs Spielen hat das Team von Coach Horst Steffen nicht mehr gewonnen \u2013 und nun stehen gleich drei Partien gegen Topteams an. <\/p>\n<p>Das Resultat war am Ende deutlich. Mit 0:3 verlor Werder am Dienstagabend bei Borussia Dortmund. Coach Horst Steffen wollte im Anschluss allerdings dennoch viel Positives im Spiel gesehen haben. Dass sein Team sich beim BVB einige gute Chancen herausgespielt hat, sei &#8222;ein echter Fortschritt&#8220; gewesen. Allein: Genutzt hat Werder keine von diesen. <\/p>\n<p>Die Szene des Spiels war aus Bremer Sicht in der 18. Minute die Gro\u00dfchance von Justin Njinmah. Frei vor Keeper Gregor Kobel verpasste der Angreifer den Ausgleich zum 1:1. Seit drei Bundesliga-Partien hat Werder mittlerweile nicht mehr getroffen.<\/p>\n<p>Friedl hadert mit Spielverlauf<\/p>\n<p><a href=\"https:\/\/www.butenunbinnen.de\/bilder\/werder-schlotterbeck-tor-dortmund-100~_v-512x288_c-1768404299525.jpg\" data-gallery-entry-for=\"werder-abstiegskampf-dortmund-niederlage-100\" data-size=\"2560x1440\" class=\"text-link\" target=\"_blank\" rel=\"noopener\"><\/p>\n<p><img decoding=\"async\" class=\"image -image-with-fallback -image-rounded  lazyload\" src=\"data:image\/gif;base64,R0lGODlhEAAJAIAAAP\/\/\/\/\/\/\/yH5BAEKAAEALAAAAAAQAAkAAAIKjI+py+0Po5yUFQA7\"   alt=\"Nico Schlotterbeck trifft per Kopfball gegen Werder. \" title=\"Bild: Imago | Sven Simon\" data-image-owner=\"Imago | Sven Simon\" data-image-title=\"Nico Schlotterbeck trifft per Kopfball gegen Werder. \" data-image-src=\"https:\/\/www.butenunbinnen.de\/bilder\/werder-schlotterbeck-tor-dortmund-100~_v-512x288_c-1768404299525.jpg\" data-image-rights-src=\"\/bilder\/werder-schlotterbeck-tor-dortmund-100~_v-640x360_c-1768404299525.jpg\"\/><\/p>\n<p><\/a><\/p>\n<p>Keine Gegenwehr: Nico Schlotterbeck erzielte nach einem Eckball das 1:0 f\u00fcr den BVB. <\/p>\n<p>Bild: Imago | Sven Simon<\/p>\n<p>Fortschritte waren in Dortmund allerdings im Aufbau- und Kombinationsspiel zu sehen. &#8222;Bis zum 0:2 haben wir ein ordentliches Spiel gemacht&#8220;, konstatierte Steffen zurecht. Dass es nicht zumindest f\u00fcr einen Punktgewinn reichte, lag an den Aussetzern in der Defensive. Beim 0:1 in der 11. Minute konnte Nico Schlotterbeck nach einem Eckball den Ball ungest\u00f6rt ins Bremer Tor k\u00f6pfen. Vor dem 0:3 vert\u00e4ndelte Amos Pieper den Ball. Serhou Guirassy nahm das Geschenk gerne an (83.). <\/p>\n<p>&#8222;Es tut weh, dass du dann hinten raus das Spiel so deutlich verlierst&#8220;, haderte Kapit\u00e4n Marco Friedl mit dem Ergebnis. Die Bremer waren f\u00fcr ihn &#8222;ungef\u00e4hr 60 Minuten lang die bessere Mannschaft&#8220;. Zur Wahrheit geh\u00f6rt allerdings auch, dass den Dortmundern ein durchwachsener Auftritt reichte, um letztlich souver\u00e4n die Partie zu gewinnen.<\/p>\n<p>Am Freitag geht es bereits gegen Frankfurt weiter<\/p>\n<p>Friedl fordert, dass das Team die Niederlage &#8222;schnell abhaken&#8220; m\u00fcsse. Schlie\u00dflich steht bereits am Freitagabend (20:30 Uhr) mit dem Heimspiel gegen Eintracht Frankfurt die n\u00e4chste Partie an. Die Luft bei Werder wird allerdings immer d\u00fcnner. Seit sechs Bundesliga-Spielen haben die Bremer nicht mehr gewonnen. Noch betr\u00e4gt der Abstand zum 16. Tabellenplatz, dem Relegationsrang, f\u00fcnf Punkte. <\/p>\n<p>Dieser ist allerdings tr\u00fcgerisch. Dass Werder in den kommenden Partien viele Z\u00e4hler sammelt, w\u00e4re eine \u00dcberraschung. Schlie\u00dflich stehen mit den Duellen gegen Frankfurt, Bayer 04 Leverkusen (24. Januar, 15:30 Uhr) und die TSG Hoffenheim (27. Januar, 20:30 Uhr) nun nacheinander drei Spiele gegen Topteams der Liga an. Danach k\u00f6nnte Werder schon tief im Abstiegskampf stecken. <\/p>\n<p>Mehr \u00fcber Werder Bremen: <\/p>\n<p>Fortschritte ware<\/p>\n<p class=\"article-legal-agencies\"><strong>Quelle<\/strong>:<br \/>\nbuten un binnen.\n<\/p>\n<p class=\"article-legal-broadcast-reference\"><strong>Dieses Thema im Programm:<\/strong><br \/>\nbutenunbinnen.de, &#8222;Keine Tore, hartes Programm: Werder taumelt in den Abstiegskampf&#8220;, 14. Januar 2026, 16:24 Uhr<\/p>\n","protected":false},"excerpt":{"rendered":"Standdatum: 14. Januar 2026. Autorinnen und Autoren: Karsten L\u00fcbben Keine Punkte in Dortmund: Werder kassierte beim BVB eine&hellip;\n","protected":false},"author":2,"featured_media":717960,"comment_status":"","ping_status":"","sticky":false,"template":"","format":"standard","meta":{"footnotes":""},"categories":[1833],"tags":[3364,29,217,30,1209],"class_list":{"0":"post-717959","1":"post","2":"type-post","3":"status-publish","4":"format-standard","5":"has-post-thumbnail","7":"category-dortmund","8":"tag-de","9":"tag-deutschland","10":"tag-dortmund","11":"tag-germany","12":"tag-nordrhein-westfalen"},"share_on_mastodon":{"url":"https:\/\/pubeurope.com\/@de\/115894223071574683","error":""},"_links":{"self":[{"href":"https:\/\/www.europesays.com\/de\/wp-json\/wp\/v2\/posts\/717959","targetHints":{"allow":["GET"]}}],"collection":[{"href":"https:\/\/www.europesays.com\/de\/wp-json\/wp\/v2\/posts"}],"about":[{"href":"https:\/\/www.europesays.com\/de\/wp-json\/wp\/v2\/types\/post"}],"author":[{"embeddable":true,"href":"https:\/\/www.europesays.com\/de\/wp-json\/wp\/v2\/users\/2"}],"replies":[{"embeddable":true,"href":"https:\/\/www.europesays.com\/de\/wp-json\/wp\/v2\/comments?post=717959"}],"version-history":[{"count":0,"href":"https:\/\/www.europesays.com\/de\/wp-json\/wp\/v2\/posts\/717959\/revisions"}],"wp:featuredmedia":[{"embeddable":true,"href":"https:\/\/www.europesays.com\/de\/wp-json\/wp\/v2\/media\/717960"}],"wp:attachment":[{"href":"https:\/\/www.europesays.com\/de\/wp-json\/wp\/v2\/media?parent=717959"}],"wp:term":[{"taxonomy":"category","embeddable":true,"href":"https:\/\/www.europesays.com\/de\/wp-json\/wp\/v2\/categories?post=717959"},{"taxonomy":"post_tag","embeddable":true,"href":"https:\/\/www.europesays.com\/de\/wp-json\/wp\/v2\/tags?post=717959"}],"curies":[{"name":"wp","href":"https:\/\/api.w.org\/{rel}","templated":true}]}}