{"id":717982,"date":"2026-01-14T15:55:15","date_gmt":"2026-01-14T15:55:15","guid":{"rendered":"https:\/\/www.europesays.com\/de\/717982\/"},"modified":"2026-01-14T15:55:15","modified_gmt":"2026-01-14T15:55:15","slug":"muenchen-kippt-tempo-30-umwelthilfe-reagiert-mit-klage","status":"publish","type":"post","link":"https:\/\/www.europesays.com\/de\/717982\/","title":{"rendered":"M\u00fcnchen kippt Tempo 30 \u2013 Umwelthilfe reagiert mit Klage"},"content":{"rendered":"<p>Die n\u00e4chste Runde ist eingel\u00e4utet: Nach der Aufhebung von Tempo 30 auf einem Abschnitt des <a href=\"https:\/\/www.abendzeitung-muenchen.de\/thema\/mittlerer-ring\/\" rel=\"nofollow noopener\" target=\"_blank\">Mittleren Rings<\/a> in M\u00fcnchen hat die Deutsche Umwelthilfe (DHU) rechtliche Schritte angek\u00fcndigt. Die Anordnung von Oberb\u00fcrgermeister <a href=\"https:\/\/www.abendzeitung-muenchen.de\/person\/dieter-reiter\/\" rel=\"nofollow noopener\" target=\"_blank\">Dieter Reiter<\/a> (<a href=\"https:\/\/www.abendzeitung-muenchen.de\/organisation\/spd\/\" rel=\"nofollow noopener\" target=\"_blank\">SPD<\/a>) stelle &#8222;einen eklatanten Versto\u00df gegen den Luftreinhalteplan dar, den die Stadt 2024 wegen zu hoher Belastung mit dem Dieselabgasgift Stickstoffdioxid nach einer erfolgreichen Klage der DUH nachsch\u00e4rfen musste&#8220;, teilte der Verein mit.<\/p>\n<p>Deutsche Umwelthilfe kritisiert Aufhebung von Tempo 30 als rechtswidrig<\/p>\n<p>Damit nimmt der langj\u00e4hrige Streit um die Luftqualit\u00e4t in der Landeshauptstadt erneut Fahrt auf. Die Umwelthilfe hatte 2024 vor Gericht final erk\u00e4mpft, dass die Stadt unter anderem an der besonders belasteten <a href=\"https:\/\/www.abendzeitung-muenchen.de\/thema\/landshuter-allee\/\" rel=\"nofollow noopener\" target=\"_blank\">Landshuter Allee<\/a> schnelle Ma\u00dfnahmen ergreifen muss, um sicher unter den Grenzwert f\u00fcr das giftige Stickstoffdioxid zu kommen. Der Schadstoff kann Atemwegsbeschwerden sowie eine Vielzahl von Erkrankungen der Lunge und des Herz-Kreislauf-Systems verursachen.<\/p>\n<p>Um die bestehende Umweltzone nicht auf Fahrzeuge mit der Abgasnorm 5 ausweiten zu m\u00fcssen, entschied sich die Stadt, ab Juni 2024 auf einem rund 2,5 Kilometer langen Abschnitt des viel befahrenen Mittleren Rings Tempo 30 einzuf\u00fchren.<\/p>\n<p>    <a href=\"https:\/\/www.abendzeitung-muenchen.de\/muenchen\/tempo-30-gilt-auf-der-landshuter-allee-in-muenchen-stadt-betreibt-vorsaetzliche-koerperverletzung-art-983863\" data-mrf-recirculation=\"Artikel-Link\" rel=\"nofollow noopener\" target=\"_blank\"><img decoding=\"async\" loading=\"lazy\" src=\"https:\/\/www.europesays.com\/de\/wp-content\/uploads\/2026\/01\/1449646_mehrzumthema_1CnwjN_JgftTx.jpg\" alt=\"&quot;Es wird keine Ver\u00e4nderung geben&quot;, sagt Volker Becker Battaglia (62). Er wohnt seit mehr als 30 Jahren an der Landshuter Allee. &quot;Es sind einfach zu viele Autos.&quot; Das Tempolimit h\u00e4lt er f\u00fcr \u00fcberfl\u00fcssig. Er w\u00fcnscht sich mehr Schutz vor Luftverschmutzung von der Stadt.\" title=\"&quot;Es wird keine Ver\u00e4nderung geben&quot;, sagt Volker Becker Battaglia (62). Er wohnt seit mehr als 30 Jahren an der Landshuter Allee. &quot;Es sind einfach zu viele Autos.&quot; Das Tempolimit h\u00e4lt er f\u00fcr \u00fcberfl\u00fcssig. Er w\u00fcnscht sich mehr Schutz vor Luftverschmutzung von der Stadt.\" width=\"696\" height=\"390\"\/><\/a><\/p>\n<p>        <a href=\"https:\/\/www.abendzeitung-muenchen.de\/muenchen\/tempo-30-gilt-auf-der-landshuter-allee-in-muenchen-stadt-betreibt-vorsaetzliche-koerperverletzung-art-983863\" data-mrf-recirculation=\"Artikel-Link\" rel=\"nofollow noopener\" target=\"_blank\">&#8222;Stadt betreibt vors\u00e4tzliche K\u00f6rperverletzung&#8220;: Tempo 30 gilt auf der &#8230;        <\/a><\/p>\n<p>                X<\/p>\n<p>Sie haben den Artikel der Merkliste hinzugef\u00fcgt. <\/p>\n<p>                <a href=\"https:\/\/www.abendzeitung-muenchen.de\/meine-az\/merkliste\/\" title=\"Zur Merkliste\" rel=\"nofollow noopener\" target=\"_blank\"><br \/>\n                zur Merkliste<br \/>\n                <\/a>  <\/p>\n<p>    <a href=\"https:\/\/www.abendzeitung-muenchen.de\/muenchen\/tempo-30-dieselverbot-in-muenchen-lieber-langsam-fahren-als-gar-nicht-art-975110\" data-mrf-recirculation=\"Artikel-Link\" rel=\"nofollow noopener\" target=\"_blank\"><img decoding=\"async\" loading=\"lazy\" src=\"https:\/\/www.europesays.com\/de\/wp-content\/uploads\/2026\/01\/1259103_mehrzumthema_1ACZQZ_ztNenl.jpg\" alt=\"Die Landshuter Allee.\" title=\"Die Landshuter Allee.\" width=\"696\" height=\"390\"\/><\/a><\/p>\n<p>        <a href=\"https:\/\/www.abendzeitung-muenchen.de\/muenchen\/tempo-30-dieselverbot-in-muenchen-lieber-langsam-fahren-als-gar-nicht-art-975110\" data-mrf-recirculation=\"Artikel-Link\" rel=\"nofollow noopener\" target=\"_blank\">Tempo 30 statt Dieselverbot in M\u00fcnchen: &#8222;Lieber langsam fahren als gar nicht&#8220;        <\/a><\/p>\n<p>                X<\/p>\n<p>Sie haben den Artikel der Merkliste hinzugef\u00fcgt. <\/p>\n<p>                <a href=\"https:\/\/www.abendzeitung-muenchen.de\/meine-az\/merkliste\/\" title=\"Zur Merkliste\" rel=\"nofollow noopener\" target=\"_blank\"><br \/>\n                zur Merkliste<br \/>\n                <\/a>  <\/p>\n<p>Nachdem die Luftbelastung dort nun zwei Jahre in Folge unter dem Grenzwert gelegen hatte, ordnete Reiter k\u00fcrzlich an, die Beschr\u00e4nkung wieder zu kippen. <a href=\"https:\/\/www.abendzeitung-muenchen.de\/muenchen\/wieder-tempo-50-auf-der-landshuter-allee-in-muenchen-jetzt-geht-es-ploetzlich-ganz-schnell-art-1103939\" title=\"Wieder Tempo 50 auf der Landshuter Allee in M\u00fcnchen: Jetzt geht es pl\u00f6tzlich ganz schnell\" rel=\"nofollow noopener\" target=\"_blank\">Seit diesem Dienstag gilt daher wieder Tempo 50.<\/a> Details zu den geplanten rechtlichen Schritten will die DHU am kommenden Montag vorstellen. Man wolle daf\u00fcr sorgen, dass die &#8222;rechtswidrig aufgehobene Tempo-30-Luftreinhaltema\u00dfnahme wieder in Kraft&#8220; gesetzt werde, k\u00fcndigte die Deutsche Umwelthilfe an.<\/p>\n","protected":false},"excerpt":{"rendered":"Die n\u00e4chste Runde ist eingel\u00e4utet: Nach der Aufhebung von Tempo 30 auf einem Abschnitt des Mittleren Rings in&hellip;\n","protected":false},"author":2,"featured_media":717687,"comment_status":"","ping_status":"","sticky":false,"template":"","format":"standard","meta":{"footnotes":"","_share_on_mastodon":"0"},"categories":[1827],"tags":[62154,772,18595,29,8253,38293,2690,30,1015,145667,58434,1268,184,2463,165295],"class_list":["post-717982","post","type-post","status-publish","format-standard","has-post-thumbnail","category-muenchen","tag-deutsche-umwelthilfe","tag-bayern","tag-belastung","tag-deutschland","tag-dieter-reiter","tag-feinstaub","tag-gericht","tag-germany","tag-justiz","tag-landshuter-allee","tag-mittlerer-ring","tag-muenchen","tag-spd","tag-tempo-30","tag-tempo-50"],"share_on_mastodon":{"url":"https:\/\/pubeurope.com\/@de\/115894270422704638","error":""},"_links":{"self":[{"href":"https:\/\/www.europesays.com\/de\/wp-json\/wp\/v2\/posts\/717982","targetHints":{"allow":["GET"]}}],"collection":[{"href":"https:\/\/www.europesays.com\/de\/wp-json\/wp\/v2\/posts"}],"about":[{"href":"https:\/\/www.europesays.com\/de\/wp-json\/wp\/v2\/types\/post"}],"author":[{"embeddable":true,"href":"https:\/\/www.europesays.com\/de\/wp-json\/wp\/v2\/users\/2"}],"replies":[{"embeddable":true,"href":"https:\/\/www.europesays.com\/de\/wp-json\/wp\/v2\/comments?post=717982"}],"version-history":[{"count":0,"href":"https:\/\/www.europesays.com\/de\/wp-json\/wp\/v2\/posts\/717982\/revisions"}],"wp:featuredmedia":[{"embeddable":true,"href":"https:\/\/www.europesays.com\/de\/wp-json\/wp\/v2\/media\/717687"}],"wp:attachment":[{"href":"https:\/\/www.europesays.com\/de\/wp-json\/wp\/v2\/media?parent=717982"}],"wp:term":[{"taxonomy":"category","embeddable":true,"href":"https:\/\/www.europesays.com\/de\/wp-json\/wp\/v2\/categories?post=717982"},{"taxonomy":"post_tag","embeddable":true,"href":"https:\/\/www.europesays.com\/de\/wp-json\/wp\/v2\/tags?post=717982"}],"curies":[{"name":"wp","href":"https:\/\/api.w.org\/{rel}","templated":true}]}}