{"id":71800,"date":"2025-04-29T23:37:08","date_gmt":"2025-04-29T23:37:08","guid":{"rendered":"https:\/\/www.europesays.com\/de\/71800\/"},"modified":"2025-04-29T23:37:08","modified_gmt":"2025-04-29T23:37:08","slug":"wegen-eu-regel-platzt-merz-schulden-deal-doch-noch-politik","status":"publish","type":"post","link":"https:\/\/www.europesays.com\/de\/71800\/","title":{"rendered":"Wegen EU-Regel: Platzt Merz\u2019 Schulden-Deal doch noch? | Politik"},"content":{"rendered":"<p><b>In einer Woche will die neue Bundesregierung loslegen \u2013 und hat bei den Staatsfinanzen etwas Historisches vor.<\/b><\/p>\n<p>Die k\u00fcnftige Regierung von Friedrich Merz (69, CDU) will das Land mit neuen XXL-Schulden f\u00fcr Stra\u00dfen, Br\u00fccken und Bundeswehr wieder nach vorn bringen. Im Gespr\u00e4ch sind eine Billion Euro. Doch pl\u00f6tzlich wackelt der Deal wieder.<\/p>\n<p><b>Mit BILDplus erfahren Sie, warum das XXL-Schuldenpaket doch wieder scheitern kann.<\/b><\/p>\n","protected":false},"excerpt":{"rendered":"In einer Woche will die neue Bundesregierung loslegen \u2013 und hat bei den Staatsfinanzen etwas Historisches vor. Die&hellip;\n","protected":false},"author":2,"featured_media":71801,"comment_status":"","ping_status":"","sticky":false,"template":"","format":"standard","meta":{"footnotes":""},"categories":[3933],"tags":[331,332,31,1152,548,663,158,3934,3935,13,32,14,15,12,12874,184,45],"class_list":{"0":"post-71800","1":"post","2":"type-post","3":"status-publish","4":"format-standard","5":"has-post-thumbnail","7":"category-eu","8":"tag-aktuelle-nachrichten","9":"tag-aktuelle-news","10":"tag-cdu","11":"tag-die-gruenen","12":"tag-eu","13":"tag-europa","14":"tag-europaeische-union","15":"tag-europe","16":"tag-european-union","17":"tag-headlines","18":"tag-merz-friedrich","19":"tag-nachrichten","20":"tag-news","21":"tag-schlagzeilen","22":"tag-scholz-olaf","23":"tag-spd","24":"tag-texttospeech"},"share_on_mastodon":{"url":"https:\/\/pubeurope.com\/@de\/114423886205426352","error":""},"_links":{"self":[{"href":"https:\/\/www.europesays.com\/de\/wp-json\/wp\/v2\/posts\/71800","targetHints":{"allow":["GET"]}}],"collection":[{"href":"https:\/\/www.europesays.com\/de\/wp-json\/wp\/v2\/posts"}],"about":[{"href":"https:\/\/www.europesays.com\/de\/wp-json\/wp\/v2\/types\/post"}],"author":[{"embeddable":true,"href":"https:\/\/www.europesays.com\/de\/wp-json\/wp\/v2\/users\/2"}],"replies":[{"embeddable":true,"href":"https:\/\/www.europesays.com\/de\/wp-json\/wp\/v2\/comments?post=71800"}],"version-history":[{"count":0,"href":"https:\/\/www.europesays.com\/de\/wp-json\/wp\/v2\/posts\/71800\/revisions"}],"wp:featuredmedia":[{"embeddable":true,"href":"https:\/\/www.europesays.com\/de\/wp-json\/wp\/v2\/media\/71801"}],"wp:attachment":[{"href":"https:\/\/www.europesays.com\/de\/wp-json\/wp\/v2\/media?parent=71800"}],"wp:term":[{"taxonomy":"category","embeddable":true,"href":"https:\/\/www.europesays.com\/de\/wp-json\/wp\/v2\/categories?post=71800"},{"taxonomy":"post_tag","embeddable":true,"href":"https:\/\/www.europesays.com\/de\/wp-json\/wp\/v2\/tags?post=71800"}],"curies":[{"name":"wp","href":"https:\/\/api.w.org\/{rel}","templated":true}]}}