{"id":718313,"date":"2026-01-14T18:59:22","date_gmt":"2026-01-14T18:59:22","guid":{"rendered":"https:\/\/www.europesays.com\/de\/718313\/"},"modified":"2026-01-14T18:59:22","modified_gmt":"2026-01-14T18:59:22","slug":"wandernde-betonkuebel-in-bohl-filmpost-nachrichten-aus-eschweiler","status":"publish","type":"post","link":"https:\/\/www.europesays.com\/de\/718313\/","title":{"rendered":"Wandernde Betonk\u00fcbel in Bohl &#8211; Filmpost Nachrichten aus Eschweiler"},"content":{"rendered":"<p><a href=\"https:\/\/www.filmpost.de\/javascript:;\" data-fancybox-trigger=\"galleryfipo\" target=\"_blank\" rel=\"noopener\"><br \/>\n<img decoding=\"async\" src=\"https:\/\/www.europesays.com\/de\/wp-content\/uploads\/2026\/01\/42298_Hindernisse_fu_r_Kinder_und_Radfahrer._Foto_Gaby_Ro_mers.3437a9ba.jpg\" longdesc=\"\" alt=\"Hindernisse fu\u0308r Kinder und Radfahrer. Foto Gaby Ro\u0308mers - \" title=\"Hindernisse fu\u0308r Kinder und Radfahrer. Foto Gaby Ro\u0308mers - \"\/><br \/>\n<\/a><\/p>\n<p><strong>Eschweiler.<\/strong>\u00a0Anwohner schlagen Alarm. In der Kurve, wo sich die Eifelstra\u00dfe mit der Bohler Stra\u00dfe in Richtung Hastenrath kreuzt, kracht es laut Aussage der Anwohner offenbar h\u00e4ufig.\u00a0Daher wurden zum Schutz der Fu\u00dfg\u00e4nger und Radfahrer schwere Betonk\u00fcbel als Poller aufgestellt.\u00a0Dass dies jedoch nicht wie geplant funktioniert, zeigt der letzte Unfall, der wohl dem Glatteis geschuldet war.<\/p>\n<p>&#13;<\/p>\n<p>Denn jetzt stehen die Betonk\u00fcbel, verschoben durch den Aufprall, dekoriert mit den \u00dcberbleibseln des Unfalls, als Parcours f\u00fcr Fu\u00dfg\u00e4nger und Radfahrer mitten auf dem B\u00fcrgersteig und Radweg.\u00a0Sogar der Zaun ist in Mitleidenschaft gezogen worden. Den Anwohnern wird angst und bange, denn die Grundschule Bohl ist nur 150 Meter entfernt von der gef\u00e4hrlichen Kurve, und dieser B\u00fcrgersteig geh\u00f6rt zum Schulweg der Grundsch\u00fcler.<\/p>\n<p>&#13;<\/p>\n<p>Abhilfe und Schutz k\u00f6nnte nach Meinung der Ortsans\u00e4ssigen eine feste Leitplanke schaffen.\u00a0Hier sehen die Anwohner gro\u00dfen Handlungsbedarf, damit niemand zu Schaden kommt.\u00a0<\/p>\n<p>&#13;<\/p>\n<p><strong>Gaby R\u00f6mers<\/strong><\/p>\n<p>    <a href=\"https:\/\/www.filmpost.de\/assets\/medienquellen\/galerien\/assets\/galleries\/29595\/42298_Hindernisse_fu_r_Kinder_und_Radfahrer._Foto_Gaby_Ro_mers.jpg\" data-fancybox=\"galleryfipo\" data-caption=\"Hindernisse fu\u0308r Kinder und Radfahrer. Foto Gaby Ro\u0308mers  \" target=\"_blank\" rel=\"noopener\"><br \/>\n        <img decoding=\"async\" title=\"Hindernisse fu\u0308r Kinder und Radfahrer. Foto Gaby Ro\u0308mers\" src=\"https:\/\/www.europesays.com\/de\/wp-content\/uploads\/2026\/01\/42298_89d73b8c4faec20aee7b51b401f51073.13b9be1c.jpg\"\/><\/p>\n<p>    <\/a><\/p>\n<p>    <a href=\"https:\/\/www.filmpost.de\/assets\/medienquellen\/galerien\/assets\/galleries\/29595\/42299_Unfalldeko_inklusive._Foto_Gaby_Ro_mers.jpg\" data-fancybox=\"galleryfipo\" data-caption=\"Unfalldeko inklusive. Foto Gaby Ro\u0308mers  \" target=\"_blank\" rel=\"noopener\"><br \/>\n        <img decoding=\"async\" title=\"Unfalldeko inklusive. Foto Gaby Ro\u0308mers\" src=\"https:\/\/www.europesays.com\/de\/wp-content\/uploads\/2026\/01\/42299_2a2307540a9fba6707f1e5a8b480f88e.13b9be1c.jpg\"\/><\/p>\n<p>    <\/a><\/p>\n<p>\u00a0<\/p>\n","protected":false},"excerpt":{"rendered":"Eschweiler.\u00a0Anwohner schlagen Alarm. In der Kurve, wo sich die Eifelstra\u00dfe mit der Bohler Stra\u00dfe in Richtung Hastenrath kreuzt,&hellip;\n","protected":false},"author":2,"featured_media":718314,"comment_status":"","ping_status":"","sticky":false,"template":"","format":"standard","meta":{"footnotes":""},"categories":[1853],"tags":[1424,3364,29,548,663,3934,30,13,14,15,1209,12],"class_list":{"0":"post-718313","1":"post","2":"type-post","3":"status-publish","4":"format-standard","5":"has-post-thumbnail","7":"category-aachen","8":"tag-aachen","9":"tag-de","10":"tag-deutschland","11":"tag-eu","12":"tag-europa","13":"tag-europe","14":"tag-germany","15":"tag-headlines","16":"tag-nachrichten","17":"tag-news","18":"tag-nordrhein-westfalen","19":"tag-schlagzeilen"},"share_on_mastodon":{"url":"https:\/\/pubeurope.com\/@de\/115894994002830424","error":""},"_links":{"self":[{"href":"https:\/\/www.europesays.com\/de\/wp-json\/wp\/v2\/posts\/718313","targetHints":{"allow":["GET"]}}],"collection":[{"href":"https:\/\/www.europesays.com\/de\/wp-json\/wp\/v2\/posts"}],"about":[{"href":"https:\/\/www.europesays.com\/de\/wp-json\/wp\/v2\/types\/post"}],"author":[{"embeddable":true,"href":"https:\/\/www.europesays.com\/de\/wp-json\/wp\/v2\/users\/2"}],"replies":[{"embeddable":true,"href":"https:\/\/www.europesays.com\/de\/wp-json\/wp\/v2\/comments?post=718313"}],"version-history":[{"count":0,"href":"https:\/\/www.europesays.com\/de\/wp-json\/wp\/v2\/posts\/718313\/revisions"}],"wp:featuredmedia":[{"embeddable":true,"href":"https:\/\/www.europesays.com\/de\/wp-json\/wp\/v2\/media\/718314"}],"wp:attachment":[{"href":"https:\/\/www.europesays.com\/de\/wp-json\/wp\/v2\/media?parent=718313"}],"wp:term":[{"taxonomy":"category","embeddable":true,"href":"https:\/\/www.europesays.com\/de\/wp-json\/wp\/v2\/categories?post=718313"},{"taxonomy":"post_tag","embeddable":true,"href":"https:\/\/www.europesays.com\/de\/wp-json\/wp\/v2\/tags?post=718313"}],"curies":[{"name":"wp","href":"https:\/\/api.w.org\/{rel}","templated":true}]}}