{"id":718421,"date":"2026-01-14T19:59:15","date_gmt":"2026-01-14T19:59:15","guid":{"rendered":"https:\/\/www.europesays.com\/de\/718421\/"},"modified":"2026-01-14T19:59:15","modified_gmt":"2026-01-14T19:59:15","slug":"neue-flugverbindung-von-berlin-an-den-bodensee-gestartet","status":"publish","type":"post","link":"https:\/\/www.europesays.com\/de\/718421\/","title":{"rendered":"Neue Flugverbindung von Berlin an den Bodensee gestartet"},"content":{"rendered":"<p class=\"expressive-copy-lg-body\">Der Bodensee ist nun von <a href=\"https:\/\/www.morgenpost.de\/berlin\/article410930257\/hartnaeckige-steinchen-wohin-geht-berlins-splitt-nach-dem-winter.html\" data-category-full-path=\"https:\/\/www.morgenpost.de\/berlin\/\" data-paid-status=\"free\" data-article-publish-date=\"1768401080\" target=\"_blank\" rel=\"noopener\">Berlin<\/a> aus innerhalb von 90 Minuten erreichbar: Seit Dienstag (12. Januar) gibt es vom Flughafen BER wieder regelm\u00e4\u00dfige Fl\u00fcge nach nach Friedrichshafen. Von dort aus gibt es Verbindungen nach Berlin, <a href=\"https:\/\/www.morgenpost.de\/panorama\/duesseldorf\/\" data-category-full-path=\"https:\/\/www.morgenpost.de\/panorama\/\" data-paid-status=\"free\" data-article-publish-date=\"1656512683\" target=\"_blank\" rel=\"noopener\">D\u00fcsseldorf<\/a> und <a href=\"https:\/\/www.morgenpost.de\/panorama\/hamburg\/\" data-category-full-path=\"https:\/\/www.morgenpost.de\/panorama\/\" data-paid-status=\"free\" data-article-publish-date=\"1632227547\" target=\"_blank\" rel=\"noopener\">Hamburg<\/a>, wie der Airport mitteilte. <\/p>\n<p>Neue Flugverbindung: Air Uniqon startet mit Unterst\u00fctzung aus der Region<\/p>\n<p class=\"expressive-copy-lg-body\">Pro Woche wird die Verbindung der Airline Air Uniqon dreimal angeboten. Das Unternehmen Air Uni hat seinen Sitz im brandenburgischen R\u00fcthnick (Ostprignitz-Ruppin). In dem Dorf leben gerade einmal 456 Einwohner. Air Uniqon ist im M\u00e4rz 2025 an den Start gegangen und ist die einzige virtuelle Fluggesellschaft am BER. Die Kosten pro Ticket liegen zwischen 99 und 189 Euro one way, wie der rbb berichtet. Au\u00dferdem bedient die Airline auch Fl\u00fcge nach Hamburg und D\u00fcsseldorf. Zum Einsatz kommt eine 78-sitzige Propellermaschine vom Typ Bombardier DHC-8-400 der deutschen Fluggesellschaft Avanti Air. <\/p>\n<p>            Morgenpost der Chefredaktion<\/p>\n<p>Die ersten News des Tages \u2013 direkt von der Chefredaktion. Montag bis Samstag um 6:30 Uhr.<\/p>\n<p>            <img decoding=\"async\" src=\"https:\/\/www.europesays.com\/de\/wp-content\/uploads\/2026\/01\/1768401431_164_newsletter-envelope.png\" alt=\"Newsletter Illustration\" class=\"h-full w-full max-w-full object-cover md:max-w-[226px] lg:max-w-[234px]\" loading=\"lazy\"\/><\/p>\n<p>              Morgenpost der Chefredaktion<\/p>\n<p>Die ersten News des Tages \u2013 direkt von der Chefredaktion. Montag bis Samstag um 6:30 Uhr.<\/p>\n<p>              Mit meiner Anmeldung zum Newsletter stimme ich der<br \/>\n              <a href=\"https:\/\/www.morgenpost.de\/service\/newsletter-adconsent\" class=\"text-copy-accent underline decoration-solid underline-offset-1 hover:text-primary-700\" target=\"_blank\" rel=\"noopener\">Werbevereinbarung<\/a><br \/>\n              zu.<\/p>\n<p class=\"expressive-copy-lg-body\">Der abgestimmte Flugplan basiert auf einer umfangreichen Bedarfsermittlung bei zahlreichen Unternehmen und erm\u00f6glicht den Angaben zufolge sowohl Tagesreisen als auch Aufenthalte mit \u00dcbernachtung oder verl\u00e4ngertem Wochenende.\u00a0Air Uniqon wird dabei finanziell von einer Gruppe von Unternehmen aus der Region um Friedrichshafen unterst\u00fctzt. Demnach sollen acht Firmen eine Anschubfinanzierung von etwa 2,5 Millionen Euro geleistet haben, darunter Liebherr und Ifm, hei\u00dft im\u00a0S\u00fcdkurier.<\/p>\n<p>  Flug an den Bodensee: Gesch\u00e4ftsreisende im Fokus<\/p>\n<p class=\"expressive-copy-lg-body\">Mit den neuen innerdeutschen Verbindungen sollen Gesch\u00e4ftsreisende vom Bodensee aus wieder schneller wichtige deutsche Wirtschaftszentren erreichen und umgekehrt. Zugleich erwartet der Flughafen Impulse f\u00fcr Tourismus, Dienstleistungs- und Logistikbereiche sowie eine h\u00f6here Standortattraktivit\u00e4t f\u00fcr Unternehmen und Fachkr\u00e4fte. <\/p>\n<p rel=\"author\" class=\"text-brand\">jst\/jle\/dpa<\/p>\n","protected":false},"excerpt":{"rendered":"Der Bodensee ist nun von Berlin aus innerhalb von 90 Minuten erreichbar: Seit Dienstag (12. Januar) gibt es&hellip;\n","protected":false},"author":2,"featured_media":584242,"comment_status":"","ping_status":"","sticky":false,"template":"","format":"standard","meta":{"footnotes":""},"categories":[1825],"tags":[1941,1939,296,1937,29,30,1940,1938],"class_list":{"0":"post-718421","1":"post","2":"type-post","3":"status-publish","4":"format-standard","5":"has-post-thumbnail","7":"category-berlin","8":"tag-aktuelle-nachrichten-aus-berlin","9":"tag-aktuelle-news-aus-berlin","10":"tag-berlin","11":"tag-berlin-news","12":"tag-deutschland","13":"tag-germany","14":"tag-nachrichten-aus-berlin","15":"tag-news-aus-berlin"},"share_on_mastodon":{"url":"https:\/\/pubeurope.com\/@de\/115895229761432226","error":""},"_links":{"self":[{"href":"https:\/\/www.europesays.com\/de\/wp-json\/wp\/v2\/posts\/718421","targetHints":{"allow":["GET"]}}],"collection":[{"href":"https:\/\/www.europesays.com\/de\/wp-json\/wp\/v2\/posts"}],"about":[{"href":"https:\/\/www.europesays.com\/de\/wp-json\/wp\/v2\/types\/post"}],"author":[{"embeddable":true,"href":"https:\/\/www.europesays.com\/de\/wp-json\/wp\/v2\/users\/2"}],"replies":[{"embeddable":true,"href":"https:\/\/www.europesays.com\/de\/wp-json\/wp\/v2\/comments?post=718421"}],"version-history":[{"count":0,"href":"https:\/\/www.europesays.com\/de\/wp-json\/wp\/v2\/posts\/718421\/revisions"}],"wp:featuredmedia":[{"embeddable":true,"href":"https:\/\/www.europesays.com\/de\/wp-json\/wp\/v2\/media\/584242"}],"wp:attachment":[{"href":"https:\/\/www.europesays.com\/de\/wp-json\/wp\/v2\/media?parent=718421"}],"wp:term":[{"taxonomy":"category","embeddable":true,"href":"https:\/\/www.europesays.com\/de\/wp-json\/wp\/v2\/categories?post=718421"},{"taxonomy":"post_tag","embeddable":true,"href":"https:\/\/www.europesays.com\/de\/wp-json\/wp\/v2\/tags?post=718421"}],"curies":[{"name":"wp","href":"https:\/\/api.w.org\/{rel}","templated":true}]}}