{"id":718426,"date":"2026-01-14T20:02:11","date_gmt":"2026-01-14T20:02:11","guid":{"rendered":"https:\/\/www.europesays.com\/de\/718426\/"},"modified":"2026-01-14T20:02:11","modified_gmt":"2026-01-14T20:02:11","slug":"sicherheitslage-berlin-setzt-keinen-abschiebestopp-fuer-iran-in-kraft-politik","status":"publish","type":"post","link":"https:\/\/www.europesays.com\/de\/718426\/","title":{"rendered":"Sicherheitslage &#8211; Berlin setzt keinen Abschiebestopp f\u00fcr Iran in Kraft &#8211; Politik"},"content":{"rendered":"<p data-manual=\"paragraph\" data-schema-org-speakable=\"true\" class=\"css-1eosz7k\"><a href=\"https:\/\/www.sueddeutsche.de\/thema\/Berlin\" target=\"_blank\" rel=\"noopener\">Berlin<\/a> (dpa\/bb) &#8211; In Berlin ist kein Abschiebestopp f\u00fcr iranische Staatsangeh\u00f6rige geplant, aus Sicht der Senatsverwaltung f\u00fcr Inneres aber auch nicht notwendig. \u201eIn Berlin besteht f\u00fcr Abschiebungen in den <a href=\"https:\/\/www.sueddeutsche.de\/thema\/Iran\" target=\"_blank\" rel=\"noopener\">Iran<\/a> ein Zustimmungsvorbehalt der Hausleitung\u201c, sagte ein Sprecher der Innenverwaltung auf dpa-Anfrage.\u00a0<\/p>\n<p data-manual=\"paragraph\" data-schema-org-speakable=\"true\" class=\"css-1eosz7k\">In diesem Rahmen werde die aktuelle Situation im Iran einzelfallbezogen gew\u00fcrdigt. \u201eEines Abschiebungsstopps bedarf es daher derzeit nicht. Die Entwicklung im Iran wird weiter verfolgt\u201c, versicherte der Sprecher.\u00a0<\/p>\n<p>Abschiebestopp in Rheinland-Pfalz<\/p>\n<p data-manual=\"paragraph\" data-schema-org-speakable=\"true\" class=\"css-1eosz7k\"><a href=\"https:\/\/www.sueddeutsche.de\/thema\/Rheinland-Pfalz\" target=\"_blank\" rel=\"noopener\">Rheinland-Pfalz<\/a> hatte zuvor einen entsprechenden Abschiebestopp angeordnet. Das Integrationsministerium in Mainz begr\u00fcndete das mit einer dramatischen Verschlechterung der Lage im Iran. Diese habe sich durch das \u201emassive Vorgehen des Regimes gegen die eigene Bev\u00f6lkerung\u201c in den vergangenen Wochen zugespitzt.\u00a0<\/p>\n<p data-manual=\"paragraph\" data-schema-org-speakable=\"true\" class=\"css-1eosz7k\">Seit mehr als zwei Wochen demonstrieren Iranerinnen und Iraner gegen das autorit\u00e4re Herrschaftssystem der Islamischen Republik. Die durch eine Wirtschaftskrise ausgel\u00f6sten Proteste haben sich inzwischen zu einem landesweiten Aufstand entwickelt. Der Sicherheitsapparat reagiert mit brutaler H\u00e4rte.<\/p>\n<p data-manual=\"paragraph\" data-schema-org-speakable=\"true\" class=\"css-1eosz7k\">\u00a9 dpa-infocom, dpa:260114-930-545589\/1<\/p>\n","protected":false},"excerpt":{"rendered":"Berlin (dpa\/bb) &#8211; In Berlin ist kein Abschiebestopp f\u00fcr iranische Staatsangeh\u00f6rige geplant, aus Sicht der Senatsverwaltung f\u00fcr Inneres&hellip;\n","protected":false},"author":2,"featured_media":718427,"comment_status":"","ping_status":"","sticky":false,"template":"","format":"standard","meta":{"footnotes":""},"categories":[1825],"tags":[296,29,8058,3919,30,13287,345,382,8059,6000,16,1756,149],"class_list":{"0":"post-718426","1":"post","2":"type-post","3":"status-publish","4":"format-standard","5":"has-post-thumbnail","7":"category-berlin","8":"tag-berlin","9":"tag-deutschland","10":"tag-flucht-und-migration","11":"tag-fluechtling","12":"tag-germany","13":"tag-internationale-beziehung","14":"tag-iran","15":"tag-migration","16":"tag-migrations-und-asylpolitik","17":"tag-nahost","18":"tag-politik","19":"tag-rheinland-pfalz","20":"tag-sueddeutsche-zeitung"},"share_on_mastodon":{"url":"https:\/\/pubeurope.com\/@de\/115895241604527987","error":""},"_links":{"self":[{"href":"https:\/\/www.europesays.com\/de\/wp-json\/wp\/v2\/posts\/718426","targetHints":{"allow":["GET"]}}],"collection":[{"href":"https:\/\/www.europesays.com\/de\/wp-json\/wp\/v2\/posts"}],"about":[{"href":"https:\/\/www.europesays.com\/de\/wp-json\/wp\/v2\/types\/post"}],"author":[{"embeddable":true,"href":"https:\/\/www.europesays.com\/de\/wp-json\/wp\/v2\/users\/2"}],"replies":[{"embeddable":true,"href":"https:\/\/www.europesays.com\/de\/wp-json\/wp\/v2\/comments?post=718426"}],"version-history":[{"count":0,"href":"https:\/\/www.europesays.com\/de\/wp-json\/wp\/v2\/posts\/718426\/revisions"}],"wp:featuredmedia":[{"embeddable":true,"href":"https:\/\/www.europesays.com\/de\/wp-json\/wp\/v2\/media\/718427"}],"wp:attachment":[{"href":"https:\/\/www.europesays.com\/de\/wp-json\/wp\/v2\/media?parent=718426"}],"wp:term":[{"taxonomy":"category","embeddable":true,"href":"https:\/\/www.europesays.com\/de\/wp-json\/wp\/v2\/categories?post=718426"},{"taxonomy":"post_tag","embeddable":true,"href":"https:\/\/www.europesays.com\/de\/wp-json\/wp\/v2\/tags?post=718426"}],"curies":[{"name":"wp","href":"https:\/\/api.w.org\/{rel}","templated":true}]}}