{"id":718597,"date":"2026-01-14T21:36:18","date_gmt":"2026-01-14T21:36:18","guid":{"rendered":"https:\/\/www.europesays.com\/de\/718597\/"},"modified":"2026-01-14T21:36:18","modified_gmt":"2026-01-14T21:36:18","slug":"niedersachsen-starlink-satelliten-von-elon-musk-sorgten-fuer-drohnen-alarm-regional","status":"publish","type":"post","link":"https:\/\/www.europesays.com\/de\/718597\/","title":{"rendered":"Niedersachsen: Starlink-Satelliten von Elon Musk sorgten f\u00fcr Drohnen-Alarm | Regional"},"content":{"rendered":"<p>Lehrte (Niedersachsen) \u2013\u00a0<b>Die mysteri\u00f6sen leuchtenden Objekte tauchten pl\u00f6tzlich am fr\u00fchen Morgen am Himmel auf. Der erste Gedanke: Drohnen! Sofort alarmierte der Augenzeuge die Polizei. Doch schnell stellte sich heraus, dass es auch andere Flugobjekte gibt \u2013 n\u00e4mlich Satelliten von Elon Musk. <\/b><\/p>\n<p>Mutma\u00dflicher Drohnenschwarm \u00fcber Lehrte<\/p>\n<p>Am 26. Oktober 2025 erreichte die Polizei Niedersachsen eine E-Mail eines Anwohners in Lehrte bei Hannover. Mitgeschickt: Lichtbildaufnahmen eines angeblichen \u201eDrohnenschwarms\u201c. Der Hinweisgeber berichtete sp\u00e4ter bei Befragungen, er habe am fr\u00fchen Morgen acht vermeintliche <a href=\"https:\/\/www.bild.de\/themen\/specials\/drohne\/news-nachrichten-news-fotos-videos-politik-28382462.bild.html\" class=\"text-link\" target=\"_blank\" rel=\"noopener\">Drohnen<\/a> gesehen. Sie seien in einiger Entfernung und in verschiedenen Formationen geflogen \u2013 und von ihm fotografiert worden.<\/p>\n<p><img decoding=\"async\" width=\"992\" height=\"1178\" alt=\"Die acht Satelliten hielt ein Anwohner f\u00fcr Drohnen\" src=\"https:\/\/www.europesays.com\/de\/wp-content\/uploads\/2026\/01\/0403d7467aa7e0c2f088f5d7bd283e19,e0bc1902.jpeg\"   class=\"portrait\" loading=\"lazy\"\/><\/p>\n<p class=\"fig__caption__text\">Die acht Satelliten hielt ein Anwohner f\u00fcr Drohnen<\/p>\n<p>Foto: privat<\/p>\n<p>Die Objekte h\u00e4tten zun\u00e4chst in der Luft gestanden und sich nur leicht bewegt. Au\u00dferdem sei ein Flackern von Licht zu erkennen gewesen. Anhand der Aussagen und Fotos lie\u00df sich der Flugbereich eingrenzen. Angaben zu H\u00f6he und Entfernung waren jedoch nicht m\u00f6glich.<\/p>\n<p>Satelliten von \u201eSpaceX\u201c-Mission<\/p>\n<p>Die Auswertung \u00fcbernahm der Drohnen-Arbeitsbereich im <a href=\"https:\/\/www.bild.de\/themen\/organisationen\/bundeskriminalamt\/politik-nachrichten-news-fotos-videos-29329672.bild.html\" class=\"text-link\" target=\"_blank\" rel=\"noopener\">Bundeskriminalamt<\/a> (BKA). Das Ergebnis: Es handelte sich nicht um Drohnen. Vielmehr zeigen die Bilder sogenannte \u201eStarlink Trains\u201c \u00fcber <a href=\"https:\/\/www.bild.de\/regional\/niedersachsen\/home-Pxo03tc7w7hEgqy6Clw4\" class=\"text-link\" target=\"_blank\" rel=\"noopener\">Niedersachsen<\/a> \u2013 hintereinander fliegende Satelliten.<\/p>\n<p>Mehr zum Thema<\/p>\n<p>Ort und Uhrzeit der Sichtung lie\u00dfen sich mit OSINT-Daten zu konkreten Satellitenmissionen abgleichen. Nach Einsch\u00e4tzung der Ermittler k\u00f6nnte es sich um eine am Vortag gestartete \u201eSpaceX\u201c-Mission von Tesla-Chef <a href=\"https:\/\/www.bild.de\/ratgeber\/geld\/elon-musk\/elon-musk-alle-infos-78276790.bild.html\" class=\"text-link\" target=\"_blank\" rel=\"noopener\">Elon Musk<\/a> (54) gehandelt haben, bei der 28 Satelliten ins All gebracht wurden.<\/p>\n<p><img decoding=\"async\" width=\"992\" height=\"558\" alt=\"Elon Musk (li.) stellt US-Pr\u00e4sident Donald Trump (79, M.) den Start der 6. SpaceX-Mission vor\" src=\"https:\/\/www.europesays.com\/de\/wp-content\/uploads\/2026\/01\/d82e306c9e3d0de809e52fa4cb04f319,12ecd7eb.jpeg\"   class=\"landscape\" loading=\"lazy\"\/><\/p>\n<p class=\"fig__caption__text\">Elon Musk (li.) stellt US-Pr\u00e4sident Donald Trump (79, M.) den Start der 6. SpaceX-Mission vor<\/p>\n<p>Foto: Brandon Bell\/via REUTERS<\/p>\n<p>Unter Ber\u00fccksichtigung von Himmelsrichtung und Uhrzeit ist es sehr wahrscheinlich, dass die bereits aufgehende Sonne durch Reflektionen f\u00fcr die gute Sichtbarkeit sorgte. Als die Satelliten ihre Umlaufbahn fortsetzten und wieder in den dunkleren Bereich eintraten, waren sie f\u00fcr Beobachter am Boden kaum noch zu erkennen.<\/p>\n<p>OSINT steht f\u00fcr Open Source Intelligence. Gemeint sind Daten aus frei verf\u00fcgbaren Quellen. Zum Beispiel \u00f6ffentlich einsehbare Internetseiten, Satelliten- und Flugbahndaten, Social Media, Presseberichte, frei zug\u00e4ngliche Datenbanken, Wetter- und Zeitdaten und offizielle Ver\u00f6ffentlichungen von Beh\u00f6rden oder Firmen.<\/p>\n<p><b>Korrektur<\/b><\/p>\n<p>In einer fr\u00fcheren Version des Artikels schrieben wir, dass Elon Musk Tesla-Gr\u00fcnder ist. Richtig ist, dass er kurz nach der Gr\u00fcndung von Tesla als Investor einstieg und Aufsichtsratsvorsitzender wurde. Wir bitten, den Fehler zu entschuldigen.<\/p>\n","protected":false},"excerpt":{"rendered":"Lehrte (Niedersachsen) \u2013\u00a0Die mysteri\u00f6sen leuchtenden Objekte tauchten pl\u00f6tzlich am fr\u00fchen Morgen am Himmel auf. Der erste Gedanke: Drohnen!&hellip;\n","protected":false},"author":2,"featured_media":718598,"comment_status":"","ping_status":"","sticky":false,"template":"","format":"standard","meta":{"footnotes":""},"categories":[134],"tags":[19380,175,170,169,29,1478,30,46,12301,3794,171,174,2934,1411,121,29074,5870,8876,45,173,172],"class_list":{"0":"post-718597","1":"post","2":"type-post","3":"status-publish","4":"format-standard","5":"has-post-thumbnail","7":"category-unternehmen-maerkte","8":"tag-bundeskriminalamt","9":"tag-business","10":"tag-companies","11":"tag-companies-markets","12":"tag-deutschland","13":"tag-drohne","14":"tag-germany","15":"tag-hannover","16":"tag-keim-karl","17":"tag-lehrte","18":"tag-markets","19":"tag-maerkte","20":"tag-musk-elon","21":"tag-niedersachsen","22":"tag-polizei","23":"tag-satelliten","24":"tag-spacex","25":"tag-starlink","26":"tag-texttospeech","27":"tag-unternehmen","28":"tag-unternehmen-maerkte"},"share_on_mastodon":{"url":"https:\/\/pubeurope.com\/@de\/115895611298107401","error":""},"_links":{"self":[{"href":"https:\/\/www.europesays.com\/de\/wp-json\/wp\/v2\/posts\/718597","targetHints":{"allow":["GET"]}}],"collection":[{"href":"https:\/\/www.europesays.com\/de\/wp-json\/wp\/v2\/posts"}],"about":[{"href":"https:\/\/www.europesays.com\/de\/wp-json\/wp\/v2\/types\/post"}],"author":[{"embeddable":true,"href":"https:\/\/www.europesays.com\/de\/wp-json\/wp\/v2\/users\/2"}],"replies":[{"embeddable":true,"href":"https:\/\/www.europesays.com\/de\/wp-json\/wp\/v2\/comments?post=718597"}],"version-history":[{"count":0,"href":"https:\/\/www.europesays.com\/de\/wp-json\/wp\/v2\/posts\/718597\/revisions"}],"wp:featuredmedia":[{"embeddable":true,"href":"https:\/\/www.europesays.com\/de\/wp-json\/wp\/v2\/media\/718598"}],"wp:attachment":[{"href":"https:\/\/www.europesays.com\/de\/wp-json\/wp\/v2\/media?parent=718597"}],"wp:term":[{"taxonomy":"category","embeddable":true,"href":"https:\/\/www.europesays.com\/de\/wp-json\/wp\/v2\/categories?post=718597"},{"taxonomy":"post_tag","embeddable":true,"href":"https:\/\/www.europesays.com\/de\/wp-json\/wp\/v2\/tags?post=718597"}],"curies":[{"name":"wp","href":"https:\/\/api.w.org\/{rel}","templated":true}]}}