{"id":718742,"date":"2026-01-14T22:56:11","date_gmt":"2026-01-14T22:56:11","guid":{"rendered":"https:\/\/www.europesays.com\/de\/718742\/"},"modified":"2026-01-14T22:56:11","modified_gmt":"2026-01-14T22:56:11","slug":"apple-verspricht-kein-ki-training-mit-nutzerdaten","status":"publish","type":"post","link":"https:\/\/www.europesays.com\/de\/718742\/","title":{"rendered":"Apple verspricht kein KI-Training mit Nutzerdaten"},"content":{"rendered":"<p>Beim Einsatz von KI halte sich Apple an den Grundsatz, dass man menschliche Kreativit\u00e4t erg\u00e4nzen wolle, betonte der f\u00fcr Produktmarketing zust\u00e4ndige Bob Borchers. \u00abWir wollen ihre F\u00e4higkeiten erweitern, aber nicht ersetzen.\u00bb Auch sei Apple \u00fcberzeugt, dass von Nutzern erstellte Dinge ihr Eigentum bleiben und nur sie die Kontrolle dar\u00fcber haben, wo und wann sie geteilt werden.<\/p>\n","protected":false},"excerpt":{"rendered":"Beim Einsatz von KI halte sich Apple an den Grundsatz, dass man menschliche Kreativit\u00e4t erg\u00e4nzen wolle, betonte der&hellip;\n","protected":false},"author":2,"featured_media":718743,"comment_status":"","ping_status":"","sticky":false,"template":"","format":"standard","meta":{"footnotes":""},"categories":[135],"tags":[29,30,59472,190,189,194,191,193,192],"class_list":{"0":"post-718742","1":"post","2":"type-post","3":"status-publish","4":"format-standard","5":"has-post-thumbnail","7":"category-wissenschaft-technik","8":"tag-deutschland","9":"tag-germany","10":"tag-informationstechnologie","11":"tag-science","12":"tag-science-technology","13":"tag-technik","14":"tag-technology","15":"tag-wissenschaft","16":"tag-wissenschaft-technik"},"share_on_mastodon":{"url":"https:\/\/pubeurope.com\/@de\/115895925712594465","error":""},"_links":{"self":[{"href":"https:\/\/www.europesays.com\/de\/wp-json\/wp\/v2\/posts\/718742","targetHints":{"allow":["GET"]}}],"collection":[{"href":"https:\/\/www.europesays.com\/de\/wp-json\/wp\/v2\/posts"}],"about":[{"href":"https:\/\/www.europesays.com\/de\/wp-json\/wp\/v2\/types\/post"}],"author":[{"embeddable":true,"href":"https:\/\/www.europesays.com\/de\/wp-json\/wp\/v2\/users\/2"}],"replies":[{"embeddable":true,"href":"https:\/\/www.europesays.com\/de\/wp-json\/wp\/v2\/comments?post=718742"}],"version-history":[{"count":0,"href":"https:\/\/www.europesays.com\/de\/wp-json\/wp\/v2\/posts\/718742\/revisions"}],"wp:featuredmedia":[{"embeddable":true,"href":"https:\/\/www.europesays.com\/de\/wp-json\/wp\/v2\/media\/718743"}],"wp:attachment":[{"href":"https:\/\/www.europesays.com\/de\/wp-json\/wp\/v2\/media?parent=718742"}],"wp:term":[{"taxonomy":"category","embeddable":true,"href":"https:\/\/www.europesays.com\/de\/wp-json\/wp\/v2\/categories?post=718742"},{"taxonomy":"post_tag","embeddable":true,"href":"https:\/\/www.europesays.com\/de\/wp-json\/wp\/v2\/tags?post=718742"}],"curies":[{"name":"wp","href":"https:\/\/api.w.org\/{rel}","templated":true}]}}