{"id":719069,"date":"2026-01-15T02:02:18","date_gmt":"2026-01-15T02:02:18","guid":{"rendered":"https:\/\/www.europesays.com\/de\/719069\/"},"modified":"2026-01-15T02:02:18","modified_gmt":"2026-01-15T02:02:18","slug":"wie-die-natur-kinder-stark-macht","status":"publish","type":"post","link":"https:\/\/www.europesays.com\/de\/719069\/","title":{"rendered":"Wie die Natur Kinder stark macht"},"content":{"rendered":"<p>                <img loading=\"lazy\" decoding=\"async\" class=\"article__image__img\"   src=\"https:\/\/www.europesays.com\/de\/wp-content\/uploads\/2026\/01\/26600f9d606f458baa1f57c003698f90.jpg\" width=\"812\" height=\"539\" alt=\"Das Familienb\u00fcro der Stadt Herne l\u00e4dt zum Familienfr\u00fchst\u00fcck.\"\/><\/p>\n<p>                    Foto:<br \/>\n                    Carola Quickels                <\/p>\n<p>                    Das Familienb\u00fcro der Stadt Herne l\u00e4dt zum Familienfr\u00fchst\u00fcck.                <\/p>\n<p>\n    Familienfr\u00fchst\u00fcck imStadtteilzentrum H2\u00d6\n<\/p>\n<p>Wie die Natur Kinder stark macht<\/p>\n<p class=\"article__paragraph\">Das Familienb\u00fcro der Stadt Herne l\u00e4dt zum Familienfr\u00fchst\u00fcck am Mittwoch, 21. Januar 2026, von 10 bis 11:30 Uhr, in das Stadtteilzentrum H2\u00d6, H\u00f6lkeskampring 2, ein. Das kostenfreie Angebot richtet sich an Herner Familien mit ihren Kindern im Alter von null bis drei Jahren.<\/p>\n<p class=\"article__paragraph\">\u201e\u201aDrau\u00dfen spielen\u2018 \u2013 wie die Natur Kinder stark macht\u201c lautet der Titel der Veranstaltung. In gem\u00fctlicher Atmosph\u00e4re informiert Umweltp\u00e4dagogin Bettina Strunk von der Biologischen Station \u00fcber das Thema und steht f\u00fcr Fragen zur Verf\u00fcgung. Eine Anmeldung ist nicht erforderlich.<\/p>\n<p>        Vergangene Termine (1) anzeigen&#8230;<\/p>\n<ul class=\"article__event-more__list\">\n<li>Dienstag, <b>21. Januar 2025<\/b>, um <b>10 Uhr<\/b><\/li>\n<\/ul>\n<p>\n    Mittwoch, 14. Januar 2026<br \/>\n         | Quelle: Presseb\u00fcro der Stadt Herne<\/p>\n","protected":false},"excerpt":{"rendered":"Foto: Carola Quickels Das Familienb\u00fcro der Stadt Herne l\u00e4dt zum Familienfr\u00fchst\u00fcck. Familienfr\u00fchst\u00fcck imStadtteilzentrum H2\u00d6 Wie die Natur Kinder&hellip;\n","protected":false},"author":2,"featured_media":719070,"comment_status":"","ping_status":"","sticky":false,"template":"","format":"standard","meta":{"footnotes":""},"categories":[1839],"tags":[7507,3364,29,30,1209],"class_list":{"0":"post-719069","1":"post","2":"type-post","3":"status-publish","4":"format-standard","5":"has-post-thumbnail","7":"category-bochum","8":"tag-bochum","9":"tag-de","10":"tag-deutschland","11":"tag-germany","12":"tag-nordrhein-westfalen"},"share_on_mastodon":{"url":"https:\/\/pubeurope.com\/@de\/115896657099418119","error":""},"_links":{"self":[{"href":"https:\/\/www.europesays.com\/de\/wp-json\/wp\/v2\/posts\/719069","targetHints":{"allow":["GET"]}}],"collection":[{"href":"https:\/\/www.europesays.com\/de\/wp-json\/wp\/v2\/posts"}],"about":[{"href":"https:\/\/www.europesays.com\/de\/wp-json\/wp\/v2\/types\/post"}],"author":[{"embeddable":true,"href":"https:\/\/www.europesays.com\/de\/wp-json\/wp\/v2\/users\/2"}],"replies":[{"embeddable":true,"href":"https:\/\/www.europesays.com\/de\/wp-json\/wp\/v2\/comments?post=719069"}],"version-history":[{"count":0,"href":"https:\/\/www.europesays.com\/de\/wp-json\/wp\/v2\/posts\/719069\/revisions"}],"wp:featuredmedia":[{"embeddable":true,"href":"https:\/\/www.europesays.com\/de\/wp-json\/wp\/v2\/media\/719070"}],"wp:attachment":[{"href":"https:\/\/www.europesays.com\/de\/wp-json\/wp\/v2\/media?parent=719069"}],"wp:term":[{"taxonomy":"category","embeddable":true,"href":"https:\/\/www.europesays.com\/de\/wp-json\/wp\/v2\/categories?post=719069"},{"taxonomy":"post_tag","embeddable":true,"href":"https:\/\/www.europesays.com\/de\/wp-json\/wp\/v2\/tags?post=719069"}],"curies":[{"name":"wp","href":"https:\/\/api.w.org\/{rel}","templated":true}]}}