{"id":719122,"date":"2026-01-15T02:32:21","date_gmt":"2026-01-15T02:32:21","guid":{"rendered":"https:\/\/www.europesays.com\/de\/719122\/"},"modified":"2026-01-15T02:32:21","modified_gmt":"2026-01-15T02:32:21","slug":"schliessungswelle-bei-apotheken-in-duesseldorf","status":"publish","type":"post","link":"https:\/\/www.europesays.com\/de\/719122\/","title":{"rendered":"Schlie\u00dfungswelle bei Apotheken in D\u00fcsseldorf"},"content":{"rendered":"<p class=\"text_ohne_einzug richtext text-em-55 !leading-serif mx-6 desktop:mx-0\">Die Zahl der Apotheken in D\u00fcsseldorf erreicht einen neuen Tiefstwert. Nach einer j\u00fcngst ver\u00f6ffentlichten Statistik der Apothekerkammer Nordrhein wurden 2025 sechs Apotheken geschlossen, nur eine neu er\u00f6ffnet. Damit geh\u00f6rt D\u00fcsseldorf \u2013 zusammen mit <a href=\"https:\/\/rp-online.de\/thema\/duisburg\/\" target=\"_blank\" rel=\"noopener\">Duisburg<\/a> \u2013 zu den Negativ-Spitzenreitern.<\/p>\n<p class=\"richtext text-em-55 !leading-serif mx-6 desktop:mx-0\">Der r\u00fcckl\u00e4ufige Trend zeigt sich auch in weiten Teilen der Regierungsbezirke D\u00fcsseldorf und K\u00f6ln. Zum Jahresanfang 2025 hatte es im Bezirk der Apothekerkammer Nordrhein noch 1940 Apotheken gegeben, im weiteren Verlauf schlossen dann aber 48. Nur f\u00fcnf Neuer\u00f6ffnungen kamen dazu. Damit sank die Gesamtzahl auf 1897 Apotheken \u2013 ein Minus von 2,2 Prozent gegen\u00fcber dem Vorjahr.<\/p>\n<p class=\"richtext text-em-55 !leading-serif mx-6 desktop:mx-0\">F\u00fcr Patientinnen und Patienten bedeutet diese Entwicklung immer weitere Wege zur n\u00e4chsten Apotheke, insbesondere auch f\u00fcr den Nacht- und Notdienst. \u201eDie Apotheken vor Ort sind weiterhin das R\u00fcckgrat der Arzneimittelversorgung: kompetent, niederschwellig, pers\u00f6nlich und unverzichtbar\u201c, sagt Armin Hoffmann, Pr\u00e4sident der Apothekerkammer Nordrhein mit Sitz in D\u00fcsseldorf und der Bundesapothekerkammer.<\/p>\n<p class=\"richtext text-em-55 !leading-serif mx-6 desktop:mx-0\">Wirtschaftliche Belastungen, Personalmangel und strukturelle Herausforderungen w\u00fcrden allerdings weiter ansteigen, kritisiert Hoffmann. \u201eDas gef\u00e4hrdet immer mehr Betriebe.\u201c Bundesweit betrug demnach das Minus 2,8 Prozent. Von den zu Jahresanfang 2025 ge\u00f6ffneten 17.041 Apotheken blieben Ende Dezember nur noch 16.601 Betriebe \u00fcbrig.<\/p>\n<p class=\"richtext text-em-55 !leading-serif mx-6 desktop:mx-0\">Einzelne Neugr\u00fcndungen zeigen nach Ansicht der Apothekerkammer, dass junge Apothekerinnen und Apotheker durchaus bereit seien, Verantwortung zu \u00fcbernehmen. Um die wohnortnahe Arzneimittelversorgung dauerhaft zu sichern, sieht die Apothekerkammer Nordrhein aber vor allem die <a href=\"https:\/\/rp-online.de\/thema\/bundesregierung\/\" target=\"_blank\" rel=\"noopener\">Bundesregierung<\/a> in der Pflicht.<\/p>\n<p class=\"richtext text-em-55 !leading-serif mx-6 desktop:mx-0\">CDU\/CSU und SPD haben zwar in ihrem Koalitionsvertrag eine Erh\u00f6hung des Apothekenhonorars angek\u00fcndigt \u2013 im Referentenentwurf zur Apothekenreform, den das Bundeskabinett am 17. Dezember vorgelegt hat, fehlt diese jedoch vollst\u00e4ndig. \u201eOhne eine klare und sp\u00fcrbare Anpassung des Apothekenhonorars ist die fl\u00e4chendeckende Versorgung auf Dauer nicht zu halten\u201c, sagt Hoffmann. \u201eDie Apotheken arbeiten seit Jahren am Limit. Die Honoraranpassung ist kein politisches W\u00fcnsch-dir-was, sondern zwingend notwendig.<\/p>\n<p>So sieht es in der Region aus      <\/p>\n<p class=\"richtext text-em-55 !leading-serif mx-6 desktop:mx-0\">D\u00fcsseldorf und Duisburg hatten mit je sechs Apothekenschlie\u00dfungen und lediglich einer Neuer\u00f6ffnung 2025 den gr\u00f6\u00dften R\u00fcckgang. In der St\u00e4dteregion Aachen schlossen f\u00fcnf Apotheken (keine Neuer\u00f6ffnung). Der Kreis <a href=\"https:\/\/rp-online.de\/thema\/viersen\/\" target=\"_blank\" rel=\"noopener\">Viersen<\/a> verlor wiederum vier Apotheken (keine Neuer\u00f6ffnung). Ein positives Signal kommt demnach  aus dem <a href=\"https:\/\/rp-online.de\/thema\/kreis-heinsberg\/\" target=\"_blank\" rel=\"noopener\">Kreis Heinsberg<\/a>, der 2025 eine Neuer\u00f6ffnung und nicht eine Schlie\u00dfung verzeichnete.<\/p>\n","protected":false},"excerpt":{"rendered":"Die Zahl der Apotheken in D\u00fcsseldorf erreicht einen neuen Tiefstwert. Nach einer j\u00fcngst ver\u00f6ffentlichten Statistik der Apothekerkammer Nordrhein&hellip;\n","protected":false},"author":2,"featured_media":719123,"comment_status":"","ping_status":"","sticky":false,"template":"","format":"standard","meta":{"footnotes":""},"categories":[1831],"tags":[48,3277,165505,112217,165506,3278,165501,165507,3364,29,3405,30,8976,66810,165503,3893,19045,1209,7389,165504,165502],"class_list":{"0":"post-719122","1":"post","2":"type-post","3":"status-publish","4":"format-standard","5":"has-post-thumbnail","7":"category-duesseldorf","8":"tag-48","9":"tag-apotheke","10":"tag-apothekenhonorars","11":"tag-apothekenreform","12":"tag-apothekenschliessungen","13":"tag-apotheker","14":"tag-apothekerkamm","15":"tag-bundesapothekerkammer","16":"tag-de","17":"tag-deutschland","18":"tag-duesseldorf","19":"tag-germany","20":"tag-geschlossen","21":"tag-limit","22":"tag-negativ","23":"tag-neueroeffnung","24":"tag-nordrhein","25":"tag-nordrhein-westfalen","26":"tag-schliessung","27":"tag-schlossen","28":"tag-spitzenreitern"},"share_on_mastodon":{"url":"https:\/\/pubeurope.com\/@de\/115896775098997052","error":""},"_links":{"self":[{"href":"https:\/\/www.europesays.com\/de\/wp-json\/wp\/v2\/posts\/719122","targetHints":{"allow":["GET"]}}],"collection":[{"href":"https:\/\/www.europesays.com\/de\/wp-json\/wp\/v2\/posts"}],"about":[{"href":"https:\/\/www.europesays.com\/de\/wp-json\/wp\/v2\/types\/post"}],"author":[{"embeddable":true,"href":"https:\/\/www.europesays.com\/de\/wp-json\/wp\/v2\/users\/2"}],"replies":[{"embeddable":true,"href":"https:\/\/www.europesays.com\/de\/wp-json\/wp\/v2\/comments?post=719122"}],"version-history":[{"count":0,"href":"https:\/\/www.europesays.com\/de\/wp-json\/wp\/v2\/posts\/719122\/revisions"}],"wp:featuredmedia":[{"embeddable":true,"href":"https:\/\/www.europesays.com\/de\/wp-json\/wp\/v2\/media\/719123"}],"wp:attachment":[{"href":"https:\/\/www.europesays.com\/de\/wp-json\/wp\/v2\/media?parent=719122"}],"wp:term":[{"taxonomy":"category","embeddable":true,"href":"https:\/\/www.europesays.com\/de\/wp-json\/wp\/v2\/categories?post=719122"},{"taxonomy":"post_tag","embeddable":true,"href":"https:\/\/www.europesays.com\/de\/wp-json\/wp\/v2\/tags?post=719122"}],"curies":[{"name":"wp","href":"https:\/\/api.w.org\/{rel}","templated":true}]}}