{"id":719162,"date":"2026-01-15T02:54:12","date_gmt":"2026-01-15T02:54:12","guid":{"rendered":"https:\/\/www.europesays.com\/de\/719162\/"},"modified":"2026-01-15T02:54:12","modified_gmt":"2026-01-15T02:54:12","slug":"die-legende-von-nord-startet-die-frost-tour-in-der-stadthalle","status":"publish","type":"post","link":"https:\/\/www.europesays.com\/de\/719162\/","title":{"rendered":"Die Legende von Nord startet die Frost-Tour in der Stadthalle"},"content":{"rendered":"<ol class=\"id-DonaldBreadcrumb lp_west_breadcrumb id-DonaldBreadcrumb--default\" data-k5a-pos=\"west_breadcrumb\">\n<li class=\"id-Breadcrumb-item\"><a href=\"https:\/\/www.hna.de\/\" class=\"id-Breadcrumb-link\" data-id-ec=\"{\" shn=\"\" textlink=\"\" data-k5a-pos=\"1_startseite\" target=\"_blank\" rel=\"noopener\">Startseite<\/a><\/li>\n<li class=\"id-Breadcrumb-item\"><a href=\"https:\/\/www.hna.de\/lokales\/\" class=\"id-Breadcrumb-link\" data-id-ec=\"{\" shn=\"\" textlink=\"\" data-k5a-pos=\"2_lokales\" target=\"_blank\" rel=\"noopener\">Lokales<\/a><\/li>\n<li class=\"id-Breadcrumb-item\"><a href=\"https:\/\/www.hna.de\/lokales\/northeim\/\" class=\"id-Breadcrumb-link\" data-id-ec=\"{\" shn=\"\" textlink=\"\" data-k5a-pos=\"3_northeim\" target=\"_blank\" rel=\"noopener\">Northeim<\/a><\/li>\n<li class=\"id-Breadcrumb-item\"><a href=\"https:\/\/www.hna.de\/lokales\/northeim\/moringen-ort78998\/\" class=\"id-Breadcrumb-link\" data-id-ec=\"{\" shn=\"\" textlink=\"\" data-k5a-pos=\"4_moringen\" target=\"_blank\" rel=\"noopener\">Moringen<\/a><\/li>\n<\/ol>\n<p class=\"id-Story-timestamp id-Story-timestamp--default\">Stand: 14.01.2026, 18:00 Uhr<\/p>\n<p class=\"id-Story-authors id-Story-authors--default\">Von: <a class=\"id-Story-authors-link lp_west_author\" href=\"https:\/\/www.hna.de\/autor\/rosemarie-gerhardy-yz6b7cb4z.html\" title=\"Zur Autorenseite von Rosemarie Gerhardy\" data-id-ec=\"{\" shn=\"\" author-link=\"\" gerhardy=\"\" data-k5a-pos=\"west_author\" target=\"_blank\" rel=\"noopener\">Rosemarie Gerhardy<\/a><\/p>\n<p class=\"id-Story-interactionBar id-Story-interactionBar--default\">DruckenTeilen<\/p>\n<p><img decoding=\"async\" class=\"id-RatioPlaceholder-element wv_story_el_image\" src=\"https:\/\/www.europesays.com\/de\/wp-content\/uploads\/2026\/01\/41062090-sie-haben-im-raum-moringen-ihre-heimat-gefunden-und-geben-nun-ihr-release-konzert-in-der-st.jpeg\" loading=\"eager\" fetchpriority=\"high\"   height=\"792\" width=\"1408\" alt=\"Die Legende von Nord\"\/>Sie haben im Raum Moringen ihre Heimat gefunden und geben nun ihr Release-Konzert in der Stadthalle: Die Legende von Nord. \u00a9\u00a0Dlvn\/nh<\/p>\n<p class=\"id-StoryElement-leadText\">Die Metal-Band pr\u00e4sentiert am 24. Januar ihr neues Programm. Es gibt ein komplett neues B\u00fchnenbild und eine spektakul\u00e4re Show.<\/p>\n<p class=\"id-StoryElement-paragraph\">Gleich zweimal bringt die Band \u201eDie Legende von Nord\u201c, die nach eigenen Worten ihren \u201efesten St\u00fctzpunkt in der Region in und um Moringen gefunden hat\u201c, in diesem Jahr im Landkreis Northeim auf. \u201eHart \u2013 kalt \u2013 laut\u201c hei\u00dft ihre Devise, denn die Band um Frontman Emanuel (Emu) Wallat hat sich deutschsprachigem Heavy Metal verschrieben, erz\u00e4hlt aber auch in melodischen Songs Geschichten. <\/p>\n<p class=\"id-StoryElement-paragraph\">2026 geht die Band mit ihrem neuen Programm \u201eFrost\u201c auf Tour. Erstmals vorgestellt wird es am Samstag, 24. Januar, ab 19 Uhr in der Moringer Stadthalle. \u201eMit der neuen Tour lassen wir den Frost-Vorhang fallen: Die Fans d\u00fcrfen sich auf ein komplett neues Programm freuen. Wir bringen eine Menge neuer Songs mit, pr\u00e4sentieren ein neues B\u00fchnenbild und eine neue B\u00fchnenshow. Wer uns kennt, wei\u00df, dass wir auch optisch gerne neue Wege gehen \u2013 inklusive brandneuem Merch im Gep\u00e4ck\u201c, berichtet Schlagzeuger Lukas Simon der HNA.<\/p>\n<p class=\"id-StoryElement-paragraph\">In Moringen habe 2015 alles angefangen, weshalb die Band zu Moringen eine besondere Beziehung habe. Inklusive einiger der ersten Auftritte habe man als Band dort bereits f\u00fcnfmal den Boden zum Beben gebracht: Angefangen beim Babit Bandbattle \u00fcber die Support-Slots f\u00fcr Terry Hoax und Kissin\u2019 Dynamite bis hin zu den eigenen Release-Shows f\u00fcr \u201eLang lebe der K\u00f6nig\u201c und \u201eAngst im Dunkeln\u201c.<\/p>\n<p class=\"id-StoryElement-paragraph\"> \u201eDass wir auch unser neues, frostiges Kapitel hier aufschlagen, ist daher nur konsequent\u201c, betont die Band, deren Mitglieder heute aus Moringen, Braunschweig, Osterode und Leipzig stammen. Diese Konzerte seien f\u00fcr die Band immer wieder ein besonderer Ankerpunkt im Terminkalender. Es f\u00fchle sich schlichtweg richtig an, diese Momente dort zu erleben, wo die Band ihren so wichtigen gemeinsamen Nenner gefunden habe.<\/p>\n<p class=\"id-StoryElement-paragraph\">Nach dem Auftritt in Moringen, Karten gibt es zu 29,35 Euro plus Vorverkaufsgeb\u00fchr bei Eventim, f\u00fchrt die Frost-Tour unter anderem nach Frankfurt, Hannover und N\u00fcrnberg. Am Freitag, 15. Mai, ist dann ein weiteres Konzert in N\u00f6rten-Hardenberg im Rahmen der Keilertage geplant. \u201eWenn wir an die Keilertage denken, kribbelt es uns jetzt schon in den Fingern. Die Fans k\u00f6nnen eine absolute Power-Show erwarten. Wir haben die Ehre, den Konzert-Tag zu er\u00f6ffnen, und unser Ziel ist klar: Wir werden dem Publikum ordentlich einheizen, damit die Keilertage direkt mit maximaler, nordischer Energie starten\u201c, so die Band. <\/p>\n","protected":false},"excerpt":{"rendered":"Startseite Lokales Northeim Moringen Stand: 14.01.2026, 18:00 Uhr Von: Rosemarie Gerhardy DruckenTeilen Sie haben im Raum Moringen ihre&hellip;\n","protected":false},"author":2,"featured_media":719163,"comment_status":"","ping_status":"","sticky":false,"template":"","format":"standard","meta":{"footnotes":""},"categories":[1772],"tags":[29,214,30,1779,810,215],"class_list":{"0":"post-719162","1":"post","2":"type-post","3":"status-publish","4":"format-standard","5":"has-post-thumbnail","7":"category-musik","8":"tag-deutschland","9":"tag-entertainment","10":"tag-germany","11":"tag-music","12":"tag-musik","13":"tag-unterhaltung"},"share_on_mastodon":{"url":"https:\/\/pubeurope.com\/@de\/115896861571335337","error":""},"_links":{"self":[{"href":"https:\/\/www.europesays.com\/de\/wp-json\/wp\/v2\/posts\/719162","targetHints":{"allow":["GET"]}}],"collection":[{"href":"https:\/\/www.europesays.com\/de\/wp-json\/wp\/v2\/posts"}],"about":[{"href":"https:\/\/www.europesays.com\/de\/wp-json\/wp\/v2\/types\/post"}],"author":[{"embeddable":true,"href":"https:\/\/www.europesays.com\/de\/wp-json\/wp\/v2\/users\/2"}],"replies":[{"embeddable":true,"href":"https:\/\/www.europesays.com\/de\/wp-json\/wp\/v2\/comments?post=719162"}],"version-history":[{"count":0,"href":"https:\/\/www.europesays.com\/de\/wp-json\/wp\/v2\/posts\/719162\/revisions"}],"wp:featuredmedia":[{"embeddable":true,"href":"https:\/\/www.europesays.com\/de\/wp-json\/wp\/v2\/media\/719163"}],"wp:attachment":[{"href":"https:\/\/www.europesays.com\/de\/wp-json\/wp\/v2\/media?parent=719162"}],"wp:term":[{"taxonomy":"category","embeddable":true,"href":"https:\/\/www.europesays.com\/de\/wp-json\/wp\/v2\/categories?post=719162"},{"taxonomy":"post_tag","embeddable":true,"href":"https:\/\/www.europesays.com\/de\/wp-json\/wp\/v2\/tags?post=719162"}],"curies":[{"name":"wp","href":"https:\/\/api.w.org\/{rel}","templated":true}]}}