{"id":719198,"date":"2026-01-15T03:12:14","date_gmt":"2026-01-15T03:12:14","guid":{"rendered":"https:\/\/www.europesays.com\/de\/719198\/"},"modified":"2026-01-15T03:12:14","modified_gmt":"2026-01-15T03:12:14","slug":"club-feeling-pur-augsburgs-jugend-uebernimmt-erneut-die-kantine","status":"publish","type":"post","link":"https:\/\/www.europesays.com\/de\/719198\/","title":{"rendered":"Club-Feeling pur: Augsburgs Jugend \u00fcbernimmt erneut die Kantine"},"content":{"rendered":"<p>  <a href=\"https:\/\/www.daz-augsburg.de\/club-feeling-pur-augsburgs-jugend-uebernimmt-erneut-die-kantine\/\" target=\"_blank\" rel=\"noopener\">Club-Feeling pur: Augsburgs Jugend \u00fcbernimmt erneut die Kantine<\/a><\/p>\n<p><strong>Nach dem \u00fcberw\u00e4ltigenden Zuspruch im letzten Jahr hei\u00dft es am Samstag, den 7.\u00a0Februar, wieder: B\u00fchne frei f\u00fcr die n\u00e4chste Generation! Unter dem Motto \u201eTeenage Takeover: Next gen clubbing\u201c l\u00e4dt das st\u00e4dtische Amt f\u00fcr Kinder, Jugend und Familie (AKJF) alle 14- bis 19-J\u00e4hrigen zur gro\u00dfen Sause in die Kantine am K\u00f6nigsplatz ein.<\/strong><\/p>\n<p><a href=\"https:\/\/www.musikkantine.de\/home\/2026-02-07-teenage-takeover-jugendparty\/\" target=\"_blank\" rel=\"noopener\"><img fetchpriority=\"high\" decoding=\"async\" width=\"1200\" height=\"674\" class=\"alignleft wp-image-101699 size-full\" src=\"data:image\/svg+xml,%3Csvg%20xmlns=\" http:=\"\" alt=\"\" data-lazy- data-lazy- data-lazy-src=\"https:\/\/www.europesays.com\/de\/wp-content\/uploads\/2026\/01\/Screenshot_20260114_194444_com_android_chrome_ChromeTabbedActivity.jpg\"\/><\/a><\/p>\n<p>(Screenshot musikkantine.de)<\/p>\n<p>Was im Jugendforum 2024 als Wunsch nach \u201eechter Club\u00adatmosph\u00e4re\u201c begann, hat sich als voller Erfolg etabliert. Die Jugendlichen wollten nicht mehr nur in Jugend\u00adzentren feiern, sondern dort, wo auch die Gro\u00dfen tanzen \u2013 in Kooperation mit der Kantine Augsburg wird dieser Wunsch nun erneut Realit\u00e4t.<\/p>\n<p>Sozialreferent Martin Schenkelberg betont die Bedeutung des Events: \u201eDie Jugendparty hat gezeigt, wie gro\u00df das Bed\u00fcrfnis nach einer gemein\u00adsamen, sicheren Club\u00aderfahrung bei jungen Menschen ist. Dass 350\u00a0Jugend\u00adliche friedlich und ohne Zwischen\u00adf\u00e4lle miteinander gefeiert haben, ist ein starkes Zeichen f\u00fcr unsere Stadt. Der gro\u00dfe Zuspruch best\u00e4tigt uns darin, solche Angebote weiterzuf\u00fchren.\u201c<\/p>\n<p><strong>Feiern mit Freiheit und Sicherheit<\/strong><\/p>\n<p>Das Besondere am \u201eTeenage Takeover\u201c: Hier k\u00f6nnen auch die J\u00fcngeren (14\u00a0und 15\u00a0Jahre) erste Clubluft schnuppern \u2013 und zwar ohne \u201eMuttizettel\u201c (elterliche Aufsicht\u00ads\u00fcber\u00adtragung) bis zum Partyende um 23\u00a0Uhr. Damit der Spa\u00df unbeschwert bleibt, sorgt ein professio\u00adnelles Awareness-Team aus P\u00e4dago\u00adginnen und P\u00e4dagogen vor Ort f\u00fcr eine sichere Umgebung.<\/p>\n<p>Beim Jugendschutz gibt es klare Regeln f\u00fcr ein ent\u00adspanntes Miteinander: Unter 16\u00a0Jahren bleibt die Party alkoholfrei. Ab 16\u00a0Jahren werden Bier, Wein und Sekt ausgeschenkt \u2013 hoch\u00adprozentige Getr\u00e4nke gibt es nicht.<\/p>\n<p><strong>Das Event im \u00dcberblick<\/strong><\/p>\n<ul>\n<li>Wann: Samstag, 7. Februar, ab 19 Uhr, Ende 23\u00a0Uhr<\/li>\n<li>Wo: Kantine am K\u00f6nigsplatz (Halderstra\u00dfe 1\u20135, Sparkassengeb\u00e4ude Ecke Hermanstra\u00dfe \/Halderstra\u00dfe)<\/li>\n<li>Zielgruppe: Jugendliche zwischen 14 und 19\u00a0Jahren<\/li>\n<li>Aufsicht: professionelles Awareness-Team<\/li>\n<li>Tickets: f\u00fcr 5\u00a0\u20ac (zzgl. VVK-Geb\u00fchr) unter <a href=\"https:\/\/musikkantine.ticket.io\/\" target=\"_blank\" rel=\"noopener\">musikkantine.ticket.io<\/a> oder direkt an der Abendkasse<\/li>\n<\/ul>\n<p><strong>Weitere Links:<\/strong><\/p>\n<p>    Artikel vom<br \/>\n    <a href=\"https:\/\/www.daz-augsburg.de\/?m=20260115\" target=\"_blank\" rel=\"noopener\"><br \/>\n      15.01.2026    <\/a><br \/>\n    | Autor: Bruno Stubenrauch<br \/>Rubrik: <a href=\"https:\/\/www.daz-augsburg.de\/rubrik\/kurznachrichten\/\" rel=\"category tag noopener\" target=\"_blank\">Kurznachrichten<\/a>, <a href=\"https:\/\/www.daz-augsburg.de\/rubrik\/soziales\/\" rel=\"category tag noopener\" target=\"_blank\">Soziales<\/a>, <a href=\"https:\/\/www.daz-augsburg.de\/rubrik\/veranstaltungshinweise\/\" rel=\"category tag noopener\" target=\"_blank\">Veranstaltungshinweise<\/a>  <\/p>\n","protected":false},"excerpt":{"rendered":"Club-Feeling pur: Augsburgs Jugend \u00fcbernimmt erneut die Kantine Nach dem \u00fcberw\u00e4ltigenden Zuspruch im letzten Jahr hei\u00dft es am&hellip;\n","protected":false},"author":2,"featured_media":719199,"comment_status":"","ping_status":"","sticky":false,"template":"","format":"standard","meta":{"footnotes":""},"categories":[1846],"tags":[680,772,3364,29,548,663,3934,30,13,14,15,12],"class_list":{"0":"post-719198","1":"post","2":"type-post","3":"status-publish","4":"format-standard","5":"has-post-thumbnail","7":"category-augsburg","8":"tag-augsburg","9":"tag-bayern","10":"tag-de","11":"tag-deutschland","12":"tag-eu","13":"tag-europa","14":"tag-europe","15":"tag-germany","16":"tag-headlines","17":"tag-nachrichten","18":"tag-news","19":"tag-schlagzeilen"},"share_on_mastodon":{"url":"https:\/\/pubeurope.com\/@de\/115896932289147775","error":""},"_links":{"self":[{"href":"https:\/\/www.europesays.com\/de\/wp-json\/wp\/v2\/posts\/719198","targetHints":{"allow":["GET"]}}],"collection":[{"href":"https:\/\/www.europesays.com\/de\/wp-json\/wp\/v2\/posts"}],"about":[{"href":"https:\/\/www.europesays.com\/de\/wp-json\/wp\/v2\/types\/post"}],"author":[{"embeddable":true,"href":"https:\/\/www.europesays.com\/de\/wp-json\/wp\/v2\/users\/2"}],"replies":[{"embeddable":true,"href":"https:\/\/www.europesays.com\/de\/wp-json\/wp\/v2\/comments?post=719198"}],"version-history":[{"count":0,"href":"https:\/\/www.europesays.com\/de\/wp-json\/wp\/v2\/posts\/719198\/revisions"}],"wp:featuredmedia":[{"embeddable":true,"href":"https:\/\/www.europesays.com\/de\/wp-json\/wp\/v2\/media\/719199"}],"wp:attachment":[{"href":"https:\/\/www.europesays.com\/de\/wp-json\/wp\/v2\/media?parent=719198"}],"wp:term":[{"taxonomy":"category","embeddable":true,"href":"https:\/\/www.europesays.com\/de\/wp-json\/wp\/v2\/categories?post=719198"},{"taxonomy":"post_tag","embeddable":true,"href":"https:\/\/www.europesays.com\/de\/wp-json\/wp\/v2\/tags?post=719198"}],"curies":[{"name":"wp","href":"https:\/\/api.w.org\/{rel}","templated":true}]}}