{"id":719300,"date":"2026-01-15T04:10:14","date_gmt":"2026-01-15T04:10:14","guid":{"rendered":"https:\/\/www.europesays.com\/de\/719300\/"},"modified":"2026-01-15T04:10:14","modified_gmt":"2026-01-15T04:10:14","slug":"union-berlin-auf-suedtour-erst-augsburg-dann-stuttgart","status":"publish","type":"post","link":"https:\/\/www.europesays.com\/de\/719300\/","title":{"rendered":"Union Berlin auf S\u00fcdtour: Erst Augsburg, dann Stuttgart"},"content":{"rendered":"<p class=\"is-first-paragraph\" data-external=\"Article.FirstParagraph\">Nach der Vertragsverl\u00e4ngerung mit Cheftrainer Steffen Baumgart will der 1. FC Union Berlin die Hinrunde der Fu\u00dfball-Bundesliga mit einem Ausw\u00e4rtssieg abschlie\u00dfen. Die Eisernen treten am Donnerstag (20.30 Uhr\/Sky) beim FC Augsburg an. Nach zuletzt drei Spielen ohne Niederlage stehen die K\u00f6penicker in der Tabelle auf einem gesicherten Mittelfeldplatz.<\/p>\n<p>Am Mittwoch hatte Union bekanntgegeben, dass der Vertrag mit dem Coach verl\u00e4ngert wurde, eine Laufzeit wurde aber nicht genannt. Nach der Partie in Augsburg bleiben die Berliner im fr\u00e4nkischen Herzogenaurach, um von dort zum ersten R\u00fcckrundenspiel zu reisen. Am Sonntag (15.30 Uhr\/Sky) ist dann der VfB Stuttgart der Kontrahent.<\/p>\n","protected":false},"excerpt":{"rendered":"Nach der Vertragsverl\u00e4ngerung mit Cheftrainer Steffen Baumgart will der 1. FC Union Berlin die Hinrunde der Fu\u00dfball-Bundesliga mit&hellip;\n","protected":false},"author":2,"featured_media":719301,"comment_status":"","ping_status":"","sticky":false,"template":"","format":"standard","meta":{"footnotes":""},"categories":[1825],"tags":[296,29,30],"class_list":{"0":"post-719300","1":"post","2":"type-post","3":"status-publish","4":"format-standard","5":"has-post-thumbnail","7":"category-berlin","8":"tag-berlin","9":"tag-deutschland","10":"tag-germany"},"share_on_mastodon":{"url":"https:\/\/pubeurope.com\/@de\/115897160473408449","error":""},"_links":{"self":[{"href":"https:\/\/www.europesays.com\/de\/wp-json\/wp\/v2\/posts\/719300","targetHints":{"allow":["GET"]}}],"collection":[{"href":"https:\/\/www.europesays.com\/de\/wp-json\/wp\/v2\/posts"}],"about":[{"href":"https:\/\/www.europesays.com\/de\/wp-json\/wp\/v2\/types\/post"}],"author":[{"embeddable":true,"href":"https:\/\/www.europesays.com\/de\/wp-json\/wp\/v2\/users\/2"}],"replies":[{"embeddable":true,"href":"https:\/\/www.europesays.com\/de\/wp-json\/wp\/v2\/comments?post=719300"}],"version-history":[{"count":0,"href":"https:\/\/www.europesays.com\/de\/wp-json\/wp\/v2\/posts\/719300\/revisions"}],"wp:featuredmedia":[{"embeddable":true,"href":"https:\/\/www.europesays.com\/de\/wp-json\/wp\/v2\/media\/719301"}],"wp:attachment":[{"href":"https:\/\/www.europesays.com\/de\/wp-json\/wp\/v2\/media?parent=719300"}],"wp:term":[{"taxonomy":"category","embeddable":true,"href":"https:\/\/www.europesays.com\/de\/wp-json\/wp\/v2\/categories?post=719300"},{"taxonomy":"post_tag","embeddable":true,"href":"https:\/\/www.europesays.com\/de\/wp-json\/wp\/v2\/tags?post=719300"}],"curies":[{"name":"wp","href":"https:\/\/api.w.org\/{rel}","templated":true}]}}