{"id":719312,"date":"2026-01-15T04:19:12","date_gmt":"2026-01-15T04:19:12","guid":{"rendered":"https:\/\/www.europesays.com\/de\/719312\/"},"modified":"2026-01-15T04:19:12","modified_gmt":"2026-01-15T04:19:12","slug":"havertz-darf-wieder-ran-fc-arsenal-vermasselt-neuem-chelsea-trainer-die-heim-premiere","status":"publish","type":"post","link":"https:\/\/www.europesays.com\/de\/719312\/","title":{"rendered":"Havertz darf wieder ran: FC Arsenal vermasselt neuem Chelsea-Trainer die Heim-Premiere"},"content":{"rendered":"<p>Havertz darf wieder ranFC Arsenal vermasselt neuem Chelsea-Trainer die Heim-Premiere<img decoding=\"async\" class=\"Image_img__fQCi0 Image_Img_16_9__4BLfH widget-picture-inline_maximizable__t_E7h\" loading=\"eager\" fetchpriority=\"high\" src=\"https:\/\/www.europesays.com\/de\/wp-content\/uploads\/2026\/01\/Chelsea-v-Arsenal-Carabao-Cup-Semi-Final-First-Leg-Stamford-Bridge-Arsenal-s-Kai-Havertz-centre-left.webp\" alt=\"Chelsea-v-Arsenal-Carabao-Cup-Semi-Final-First-Leg-Stamford-Bridge-Arsenal-s-Kai-Havertz-centre-left-attempts-a-shot-on-goal-during-the-Carabao-Cup-semi-final-first-leg-match-at-Stamford-Bridge-London-Picture-date-Wednesday-January-14-2026-Photo-credit-should-read-Nick-Potts-PA-Wire-RESTRICTIONS-EDITORIAL-USE-ONLY-No-use-with-unauthorised-audio-video-data-fixture-lists-club-league-logos-or-live-services-Online-in-match-use-limited-to-120-images-no-video-emulation-No-use-in-betting-games-or-single-club-league-player-publications\"\/>Gute Nachrichten f\u00fcrs DFB-Team: Havertz bekommt erneut Einsatzzeiten. (Foto: picture alliance \/ empics)TeilenFolgen auf:<a href=\"https:\/\/www.whatsapp.com\/channel\/0029Va5cdVJD8SDp5YZgYF01\" title=\"Auf WhatsApp folgen\" target=\"_blank\" rel=\"noopener\"><img decoding=\"async\" src=\"https:\/\/www.n-tv.de\/socialIcons\/whatsapp.svg\" alt=\"whatsapp\" class=\"ArticleShare_icon__FsrC2\"\/><\/a><a href=\"https:\/\/news.google.com\/publications\/CAAiEPMdif5mpRNxiLOeUpHCwwsqFAgKIhDzHYn-ZqUTcYiznlKRwsML?hl=de&amp;gl=DE&amp;ceid=DE%3Ade\" title=\"Auf Google News folgen\" target=\"_blank\" rel=\"noopener\"><img decoding=\"async\" src=\"https:\/\/www.n-tv.de\/socialIcons\/google.svg\" alt=\"whatsapp\" class=\"ArticleShare_icon__FsrC2\"\/><\/a><\/p>\n<p class=\"Typography_text-m__XI0da Typography_weight-bold__uT6mq storyline_lead_text_leadtext__q_wg8\">Im englischen Fu\u00dfball ist der FC Arsenal derzeit das Ma\u00df aller Dinge &#8211; und das auch im Ligapokal. Die Londoner gewinnen das Halbfinal-Hinspiel gegen den FC Chelsea in einer unterhaltsamen Begegnung. Auch f\u00fcr das DFB-Team gibt es gute Nachrichten.<\/p>\n<p class=\"Typography_text-default__P3otY Typography_weight-normal__pqUbH storyline_paragraph_p__qSR5N\">Der FC Arsenal hat mit Joker Kai Havertz Kurs auf das Finale im englischen Ligapokal genommen. Der Spitzenreiter der Premier League gewann das Halbfinal-Hinspiel beim FC Chelsea mit 3:2 (1:0) und verschaffte sich damit eine sehr gute Ausgangsposition f\u00fcr das R\u00fcckspiel am 3. Februar. Havertz wurde in der 82. Minute eingewechselt und sammelte nach seiner langen Verletzungspause weitere Einsatzminuten.<\/p>\n<p class=\"Typography_text-default__P3otY Typography_weight-normal__pqUbH storyline_paragraph_p__qSR5N\">Ben White (7.), Viktor Gy\u00f6keres (49.) und Martin Zubimendi (71.) erzielten die Treffer der G\u00e4ste. Alejandro Garnacho traf f\u00fcr den Klub-Weltmeister in einer unterhaltsamen Begegnung doppelt (57., 83.). Havertz hatte sein Comeback bereits vor drei Tagen im FA-Cup beim 4:1-Erfolg gegen den FC Portsmouth gefeiert. F\u00fcr den FC Chelsea war es die Heim-Premiere des neuen Trainers Liam Rosenior, der zu Beginn des Jahres vorgestellt wurde. Sein Deb\u00fct hatte er im FA-Cup mit 5:1 gegen Charlton gewonnen.<\/p>\n<p class=\"Typography_text-default__P3otY Typography_weight-normal__pqUbH storyline_paragraph_p__qSR5N\">Schon am Vortag hatte Manchester City gegen Titelverteidiger Newcastle United mit den deutschen Nationalspielern Nick Woltemade und Malick Thiaw vorgelegt. Im Halbfinal-Hinspiel verloren die Magpies um Joker Woltemade vor heimischer Kulisse mit 0:2 (0:0) gegen Manchester City. Das R\u00fcckspiel steigt am 4. Februar im Etihad Stadium.<\/p>\n<p class=\"Typography_text-default__P3otY Typography_weight-normal__pqUbH storyline_paragraph_p__qSR5N\">Winter-Neuzugang Antoine Semenyo (53.) erzielte im St. James&#8216; Park die F\u00fchrung f\u00fcr die G\u00e4ste und traf damit in seinen ersten beiden Eins\u00e4tzen f\u00fcr City &#8211; das war zuletzt Emmanuel Adebayor 2009 gelungen. Rayan Cherki legte kurz vor dem Schlusspfiff nach (90.+9).<\/p>\n<p class=\"Typography_text-s__wu_cm Typography_weight-normal__pqUbH Typography_color-darkgrey__sZEnP article-detail-footer_source__KslPc\">Quelle: ntv.de, ses\/sid<\/p>\n","protected":false},"excerpt":{"rendered":"Havertz darf wieder ranFC Arsenal vermasselt neuem Chelsea-Trainer die Heim-PremiereGute Nachrichten f\u00fcrs DFB-Team: Havertz bekommt erneut Einsatzzeiten. (Foto:&hellip;\n","protected":false},"author":2,"featured_media":719313,"comment_status":"","ping_status":"","sticky":false,"template":"","format":"standard","meta":{"footnotes":""},"categories":[136],"tags":[29,3058,11595,4771,347,30,48658,265],"class_list":{"0":"post-719312","1":"post","2":"type-post","3":"status-publish","4":"format-standard","5":"has-post-thumbnail","7":"category-sport","8":"tag-deutschland","9":"tag-england","10":"tag-fc-arsenal-london","11":"tag-fc-chelsea","12":"tag-fussball","13":"tag-germany","14":"tag-kai-havertz","15":"tag-sport"},"share_on_mastodon":{"url":"https:\/\/pubeurope.com\/@de\/115897196112336775","error":""},"_links":{"self":[{"href":"https:\/\/www.europesays.com\/de\/wp-json\/wp\/v2\/posts\/719312","targetHints":{"allow":["GET"]}}],"collection":[{"href":"https:\/\/www.europesays.com\/de\/wp-json\/wp\/v2\/posts"}],"about":[{"href":"https:\/\/www.europesays.com\/de\/wp-json\/wp\/v2\/types\/post"}],"author":[{"embeddable":true,"href":"https:\/\/www.europesays.com\/de\/wp-json\/wp\/v2\/users\/2"}],"replies":[{"embeddable":true,"href":"https:\/\/www.europesays.com\/de\/wp-json\/wp\/v2\/comments?post=719312"}],"version-history":[{"count":0,"href":"https:\/\/www.europesays.com\/de\/wp-json\/wp\/v2\/posts\/719312\/revisions"}],"wp:featuredmedia":[{"embeddable":true,"href":"https:\/\/www.europesays.com\/de\/wp-json\/wp\/v2\/media\/719313"}],"wp:attachment":[{"href":"https:\/\/www.europesays.com\/de\/wp-json\/wp\/v2\/media?parent=719312"}],"wp:term":[{"taxonomy":"category","embeddable":true,"href":"https:\/\/www.europesays.com\/de\/wp-json\/wp\/v2\/categories?post=719312"},{"taxonomy":"post_tag","embeddable":true,"href":"https:\/\/www.europesays.com\/de\/wp-json\/wp\/v2\/tags?post=719312"}],"curies":[{"name":"wp","href":"https:\/\/api.w.org\/{rel}","templated":true}]}}