{"id":719324,"date":"2026-01-15T04:25:13","date_gmt":"2026-01-15T04:25:13","guid":{"rendered":"https:\/\/www.europesays.com\/de\/719324\/"},"modified":"2026-01-15T04:25:13","modified_gmt":"2026-01-15T04:25:13","slug":"iran-dementiert-hinrichtungsplaene-westen-schraenkt-reisen-ein","status":"publish","type":"post","link":"https:\/\/www.europesays.com\/de\/719324\/","title":{"rendered":"Iran dementiert Hinrichtungspl\u00e4ne \u2013 Westen schr\u00e4nkt Reisen ein"},"content":{"rendered":"<p>Newsblog zu Protesten im Iran <\/p>\n<p>Westen schr\u00e4nkt Reisen ein \u2013 Europ\u00e4er f\u00fcrchten US-Milit\u00e4rschlag<\/p>\n<p>Aktualisiert am 15.01.2026 &#8211; 05:00 UhrLesedauer: 23 Min.<\/p>\n<p><a href=\"#focus-0\" class=\"transition-colors duration-200 block text-current relative\" data-sctrack=\"FocusGalleryImage.Reference\"><img fetchpriority=\"high\" data-testid=\"Opener.Image\" style=\"--lqipURL:url('https:\/\/images.t-online.de\/2026\/01\/0Z9Ew-dOvo87\/0x37:4000x2250\/fit-in\/150x0\/filters:blur(25)\/donald-trump-archivbild-die-usa-haben-begonnen-soldaten-aus-einer-militaerbasis-in-katar-abzuziehen.jpg')\"   loading=\"eager\" src=\"https:\/\/www.europesays.com\/de\/wp-content\/uploads\/2026\/01\/donald-trump-archivbild-die-usa-haben-begonnen-soldaten-aus-einer-militaerbasis-in-katar-abzuziehen..jpeg\" alt=\"Donald Trump (Archivbild): Die USA haben begonnen, Soldaten aus einer Milit\u00e4rbasis in Katar abzuziehen.\" title=\"Donald Trump (Archivbild): Die USA haben begonnen, Soldaten aus einer Milit\u00e4rbasis in Katar abzuziehen.\" width=\"4000\" height=\"2250\" class=\"bg-[url:var(--lqipURL)] bg-cover bg-center flex h-full w-full max-w-full\" decoding=\"async\"\/><img style=\"--width:32;--height:32\" loading=\"lazy\" src=\"https:\/\/www.t-online.de\/s\/paper\/_next\/static\/media\/zoom-in.f7dae02f.svg\" alt=\"Vergr\u00f6\u00dfern des Bildes\" title=\"Vergr\u00f6\u00dfern des Bildes\" class=\"block h-[calc(var(--height)_\/_16_*_1rem)] w-[calc(var(--width)_\/_16_*_1rem)] max-w-none absolute bottom-8 right-8 rounded-4 bg-snow p-8\" decoding=\"async\"\/><\/a><\/p>\n<p>Donald Trump (Archivbild): Die USA haben begonnen, Soldaten aus einer Milit\u00e4rbasis in Katar abzuziehen. (Quelle: IMAGO\/Pool\/ABACA\/imago-images-bilder)<\/p>\n<p class=\"font-bold text-18 leading-17\">Die Lage im Nahen Osten ist angespannt. Im Raum steht die Bef\u00fcrchtung, dass es zu Luftangriffen der USA oder Israels auf den Iran kommen k\u00f6nnte. Alle Entwicklungen im Newsblog.<\/p>\n<p class=\"text-18 leading-17\">Die US-Botschaft in Katar r\u00e4t ihren Mitarbeitern und den Amerikanern in dem Emirat angesichts der angespannten Lage in der Region, auf nicht notwendige Fahrten zum Milit\u00e4rst\u00fctzpunkt Al-Udeid zu verzichten. Dabei handelt es sich um den gr\u00f6\u00dften US-Milit\u00e4rst\u00fctzpunkt im Nahen Osten, der bei einem m\u00f6glichen Konflikt mit dem <a class=\"transition-colors duration-200 cursor-pointer text-inherit no-underline text-salemsfur md:hover:text-magenta md:hover:border-magenta md:focus:text-magenta border-current border-b border-solid break-words\" href=\"https:\/\/www.t-online.de\/themen\/iran\/\" data-sctrack=\"BodyAnchor\" target=\"_blank\" rel=\"noopener\">Iran<\/a> wohl eine Schl\u00fcsselrolle spielen w\u00fcrde. Die US-Botschaft erkl\u00e4rte, die personelle Situation der diplomatischen Vertretung bleibe aktuell unver\u00e4ndert, auch konsularische Dienste w\u00fcrden weiter angeboten.<\/p>\n<p class=\"text-18 leading-17\">Der iranische Au\u00dfenminister Abbas Araghtschi hat Pl\u00e4ne f\u00fcr Hinrichtungen von Demonstranten dementiert. &#8222;Es gibt \u00fcberhaupt keinen Plan f\u00fcr Hinrichtungen&#8220;, sagte der Au\u00dfenminister am Mittwoch in einem Interview mit dem US-Sender Fox News. &#8222;H\u00e4ngen steht au\u00dfer Frage.&#8220; Es werde &#8222;weder heute noch morgen&#8220; Hinrichtungen durch Erh\u00e4ngen geben. Er behauptete zudem, Teheran habe &#8222;nach drei Tagen von terroristischen Operationen&#8220;, die von <a class=\"transition-colors duration-200 cursor-pointer text-inherit no-underline text-salemsfur md:hover:text-magenta md:hover:border-magenta md:focus:text-magenta border-current border-b border-solid break-words\" href=\"https:\/\/www.t-online.de\/themen\/israel\/\" data-sctrack=\"BodyAnchor\" target=\"_blank\" rel=\"noopener\">Israel<\/a> inszeniert worden seien, die &#8222;volle Kontrolle&#8220; \u00fcber die Lage im Iran.<\/p>\n<p class=\"text-18 leading-17\">Zuvor hatte US-Pr\u00e4sident Donald Trump gedroht, er werde sehr starke Ma\u00dfnahmen ergreifen, sollte der Iran damit beginnen, Demonstranten zu h\u00e4ngen. Sp\u00e4ter erkl\u00e4rte Trump, ihm sei mitgeteilt worden, dass die T\u00f6tungen nachlie\u00dfen und keine Massenhinrichtungen geplant seien.<\/p>\n<p class=\"text-18 leading-17\">Im Iran gab es in den vergangenen zwei Wochen massive Proteste gegen die F\u00fchrung der seit 1979 bestehenden islamischen Republik. Die Beh\u00f6rden gingen brutal gegen die Demonstrierenden vor. Die Menschenrechtsorganisation Iran Human Rights (IHR) geht von bislang mindestens 3.428 get\u00f6teten Demonstrantinnen und Demonstranten aus. Mehr als 10.000 Menschen wurden demnach im Zuge der Massenproteste festgenommen.<\/p>\n<p class=\"text-18 leading-17\">Angesichts der Lage im Iran haben mehrere westliche Staaten ihre B\u00fcrger zur Ausreise aufgefordert und den <a class=\"transition-colors duration-200 cursor-pointer text-inherit no-underline text-salemsfur md:hover:text-magenta md:hover:border-magenta md:focus:text-magenta border-current border-b border-solid break-words\" href=\"https:\/\/www.t-online.de\/themen\/flugverkehr\/\" data-sctrack=\"BodyAnchor\" target=\"_blank\" rel=\"noopener\">Flugverkehr<\/a> eingeschr\u00e4nkt. Italien und <a class=\"transition-colors duration-200 cursor-pointer text-inherit no-underline text-salemsfur md:hover:text-magenta md:hover:border-magenta md:focus:text-magenta border-current border-b border-solid break-words\" href=\"https:\/\/www.t-online.de\/themen\/polen\/\" data-sctrack=\"BodyAnchor\" target=\"_blank\" rel=\"noopener\">Polen<\/a> forderten ihre B\u00fcrger auf, den Iran zu verlassen. <a class=\"transition-colors duration-200 cursor-pointer text-inherit no-underline text-salemsfur md:hover:text-magenta md:hover:border-magenta md:focus:text-magenta border-current border-b border-solid break-words\" href=\"https:\/\/www.t-online.de\/themen\/grossbritannien\/\" data-sctrack=\"BodyAnchor\" target=\"_blank\" rel=\"noopener\">Gro\u00dfbritannien<\/a> schloss vor\u00fcbergehend seine Botschaft in Teheran. Die USA zogen am Mittwoch einen Teil ihres Milit\u00e4rpersonals von St\u00fctzpunkten im Nahen Osten ab.<\/p>\n<p class=\"text-18 leading-17\">Die <a class=\"transition-colors duration-200 cursor-pointer text-inherit no-underline text-salemsfur md:hover:text-magenta md:hover:border-magenta md:focus:text-magenta border-current border-b border-solid break-words\" href=\"https:\/\/www.t-online.de\/themen\/bundesregierung\/\" data-sctrack=\"BodyAnchor\" target=\"_blank\" rel=\"noopener\">Bundesregierung<\/a> warnte deutsche Fluggesellschaften, woraufhin die Lufthansa ank\u00fcndigte, den iranischen und irakischen Luftraum zu umfliegen <a class=\"transition-colors duration-200 cursor-pointer text-inherit no-underline text-salemsfur md:hover:text-magenta md:hover:border-magenta md:focus:text-magenta border-current border-b border-solid break-words\" href=\"https:\/\/www.t-online.de\/leben\/reisen\/fernreisen\/id_101083458\/trump-drohungen-lufthansa-umfliegt-iran-und-irak-bis-auf-weiteres-.html\" data-sctrack=\"BodyAnchor\" target=\"_blank\" rel=\"noopener\">(hier lesen Sie mehr).<\/a> Der Iran selbst sperrte seinen Luftraum vor\u00fcbergehend f\u00fcr die meisten Fl\u00fcge.<\/p>\n","protected":false},"excerpt":{"rendered":"Newsblog zu Protesten im Iran Westen schr\u00e4nkt Reisen ein \u2013 Europ\u00e4er f\u00fcrchten US-Milit\u00e4rschlag Aktualisiert am 15.01.2026 &#8211; 05:00&hellip;\n","protected":false},"author":2,"featured_media":719325,"comment_status":"","ping_status":"","sticky":false,"template":"","format":"standard","meta":{"footnotes":""},"categories":[5],"tags":[1217,326,522,9977,129707,1173,774,106,548,799,551,13,7467,345,355,579,4045,2108,7062,72506,14,15,3129,28876,12,184,226,9976,10,8,9,11,165451,64],"class_list":{"0":"post-719324","1":"post","2":"type-post","3":"status-publish","4":"format-standard","5":"has-post-thumbnail","7":"category-nachrichten","8":"tag-1217","9":"tag-326","10":"tag-522","11":"tag-abbas-araghtschi","12":"tag-al-udeid","13":"tag-bundesregierung","14":"tag-csu","15":"tag-donald-trump","16":"tag-eu","17":"tag-fox-news","18":"tag-grossbritannien","19":"tag-headlines","20":"tag-hinrichtung","21":"tag-iran","22":"tag-italien","23":"tag-katar","24":"tag-konflikt","25":"tag-lufthansa","26":"tag-manfred-weber","27":"tag-massenprotest","28":"tag-nachrichten","29":"tag-news","30":"tag-newsblog","31":"tag-protestbewegung","32":"tag-schlagzeilen","33":"tag-spd","34":"tag-t-online","35":"tag-teheran","36":"tag-top-news","37":"tag-top-meldungen","38":"tag-topmeldungen","39":"tag-topnews","40":"tag-udeid","41":"tag-usa"},"share_on_mastodon":{"url":"https:\/\/pubeurope.com\/@de\/115897219508014483","error":""},"_links":{"self":[{"href":"https:\/\/www.europesays.com\/de\/wp-json\/wp\/v2\/posts\/719324","targetHints":{"allow":["GET"]}}],"collection":[{"href":"https:\/\/www.europesays.com\/de\/wp-json\/wp\/v2\/posts"}],"about":[{"href":"https:\/\/www.europesays.com\/de\/wp-json\/wp\/v2\/types\/post"}],"author":[{"embeddable":true,"href":"https:\/\/www.europesays.com\/de\/wp-json\/wp\/v2\/users\/2"}],"replies":[{"embeddable":true,"href":"https:\/\/www.europesays.com\/de\/wp-json\/wp\/v2\/comments?post=719324"}],"version-history":[{"count":0,"href":"https:\/\/www.europesays.com\/de\/wp-json\/wp\/v2\/posts\/719324\/revisions"}],"wp:featuredmedia":[{"embeddable":true,"href":"https:\/\/www.europesays.com\/de\/wp-json\/wp\/v2\/media\/719325"}],"wp:attachment":[{"href":"https:\/\/www.europesays.com\/de\/wp-json\/wp\/v2\/media?parent=719324"}],"wp:term":[{"taxonomy":"category","embeddable":true,"href":"https:\/\/www.europesays.com\/de\/wp-json\/wp\/v2\/categories?post=719324"},{"taxonomy":"post_tag","embeddable":true,"href":"https:\/\/www.europesays.com\/de\/wp-json\/wp\/v2\/tags?post=719324"}],"curies":[{"name":"wp","href":"https:\/\/api.w.org\/{rel}","templated":true}]}}