{"id":719326,"date":"2026-01-15T04:26:23","date_gmt":"2026-01-15T04:26:23","guid":{"rendered":"https:\/\/www.europesays.com\/de\/719326\/"},"modified":"2026-01-15T04:26:23","modified_gmt":"2026-01-15T04:26:23","slug":"ein-jahr-salz-und-mehr","status":"publish","type":"post","link":"https:\/\/www.europesays.com\/de\/719326\/","title":{"rendered":"Ein Jahr Salz und Mehr"},"content":{"rendered":"<p>\t\t\t\t<a href=\"https:\/\/www.hallelife.de\/wp-content\/uploads\/2026\/01\/EOe_Wein_u_MehrcStadtmarketing_Halle-SaaleGmbH-2.jpg\" target=\"_blank\" rel=\"noopener\"><br \/>\n\t\t\t<img alt=\"Ein Jahr Salz und Mehr\" src=\"https:\/\/www.europesays.com\/de\/wp-content\/uploads\/2026\/01\/EOe_Wein_u_MehrcStadtmarketing_Halle-SaaleGmbH-2-1440x564_c.jpg\" decoding=\"async\" class=\"lazyload\" data-eio-rwidth=\"1440\" data-eio-rheight=\"564\"\/>\t\t<\/a><\/p>\n<p>\n\t\t\tE\u00d6_Wein_u_Mehr(c)Stadtmarketing_Halle (Saale)GmbH (2)\t\t<\/p>\n<p>\t\t\t\t&#13;<br \/>\n\t\t\t\t\t\t\t&#13;<br \/>\n\t\t\t\t\tvon <a href=\"https:\/\/www.hallelife.de\/author\/hallelifeme-com\/\" title=\"Beitr\u00e4ge von hallelife.de - Redaktion\" rel=\"author noopener\" target=\"_blank\">hallelife.de &#8211; Redaktion<\/a>\t\t\t\t&#13;<br \/>\n\t\t\t\t\t\t\t\t\t\t<a href=\"https:\/\/www.hallelife.de\/2026\/01\/\" target=\"_blank\" rel=\"noopener\">14. Januar 2026<\/a>&#13;<\/p>\n<p><b>Erfolgreiche Jahresbilanz: \u201eSalz und Mehr\u201c etabliert sich \u2013 auch \u201eWein und Mehr\u201c \u00fcberzeugt zum Start<\/b><\/p>\n<p>Ein Jahr nach der Er\u00f6ffnung zieht der Store \u201eSalz und Mehr\u201c\u00a0in Halle eine mehr als zufriedenstellende Bilanz. Das neue Konzept rund um hochwertige Salzprodukte und kreative Geschenkideen kommt bei den Kundinnen und Kunden sehr gut an und hat sich erfolgreich am Standort im Marktschl\u00f6sschen Halle etabliert.<\/p>\n<p>In den vergangenen zw\u00f6lf Monaten wurden insgesamt 36.718 Artikel verkauft. Besonders gefragt sind dabei das bew\u00e4hrte Siedesalz\u00a0sowie die liebevoll gestalteten Salzboxen, darunter das beliebte \u201eSalzsch\u00e4tzchen\u201c, das sich schnell zu einem echten Verkaufsschlager entwickelt hat.<\/p>\n<p>Erg\u00e4nzt wurde das erfolgreiche Konzept durch den am 05. Dezember 2025 er\u00f6ffneten Store \u201eWein und Mehr\u201c, der in Zusammenarbeit mit der Winzervereinigung Freyburg-Unstrut\u00a0realisiert wurde. Auch hier f\u00e4llt die erste Bilanz sehr positiv aus: Seit der Er\u00f6ffnung konnten 1.155 Flaschen Wein verkauft\u00a0werden.<\/p>\n<p>Als klarer Renner erwies sich der neu kreierte Wei\u00dfburgunder \u201eSalzgraf\u201c, der mit seinem regionalen Bezug und seinem besonderen Charakter gro\u00dfen Anklang bei den Kundinnen und Kunden findet.<\/p>\n<p>Beide Stores zeigen eindrucksvoll, dass hochwertige regionale Produkte, ein durchdachtes Konzept und ein modernes Einkaufserlebnis die hallesche Innenstadt nachhaltig bereichern. Die positive Resonanz best\u00e4tigt den eingeschlagenen Weg und l\u00e4sst optimistisch in die Zukunft blicken<\/p>\n<p><strong>Zum Salz-Shop \u201eSalz &amp; Mehr\u201c<\/strong><\/p>\n<p>Die Stadtmarketing Halle (Saale) GmbH betreibt neben der Tourist-Information nun auch die 60 Quadratmeter gro\u00dfe Fl\u00e4che des neuen Concept Stores mit 48 Produkten zum Thema Salz. Die Idee ist, die \u00fcber 1.000-j\u00e4hrige Salzgeschichte Halles mit einem regionalen Salz-Shop und einem passenden Salzsortiment erleb- und verkostbar zu machen.<\/p>\n<p>Somit gelingt es bereits zentral am Marktplatz, einem der Ursprungsorte hallescher Salzgewinnung, Halle-G\u00e4ste mit der spannende Salztradition Halles vertraut zu machen. Sie wer-den eingeladen, die touristischen Salz-Erlebnisorte in Halle wie das k\u00fcnftige Salinemuseum, das Stadtmuseum zu besuchen und die Traditionen der Salzwirkerbr\u00fcderschaft im Thale zu Halle kennenzulernen.<\/p>\n<p><strong>Zum Salz-Shop \u201eWein &amp; Mehr\u201c<\/strong><\/p>\n<p>Am 5. Dezember 2025 er\u00f6ffnete exklusiv der \u201eWein &amp; Mehr\u201c Store in Halles Tourist-Information im Marktschl\u00f6sschen. Als Shop-in-Shop werden 22\u00a0Produkte von Wei\u00df-, Rot- und Ros\u00e9weinen, \u00fcber Sekt, Lik\u00f6r, Traubenbrand bis zu Gl\u00fchweinen aus dem Weinanbaugebiet Saale-Unstrut der Winzervereinigung Freyburg-Unstrut eG. geboten.<a name=\"_Hlk213312774\"\/>\u00a0Passend zu den neuen Winzerprodukten wurden 16\u00a0m\u00b2 Regalfl\u00e4che f\u00fcr Beratungsgespr\u00e4che in der Tourist-Information geschmackvoll eingerichtet. Damit er\u00f6ffnet die Winzervereinigung Freyburg-Unstrut eG. im Marktschl\u00f6sschen die gr\u00f6\u00dfte Verkaufsstelle Halles. Die Regalw\u00e4nde des Wein-Shops sind optisch und von den verwendeten Materialien, wie der benachbarte \u201eSalz-Shop\u201c, aus heimischem Eichen- und Buchenholz gefertigt, erg\u00e4nzt um schwarze, homogene Fl\u00e4chen f\u00fcr das Corporate Design.<\/p>\n","protected":false},"excerpt":{"rendered":"E\u00d6_Wein_u_Mehr(c)Stadtmarketing_Halle (Saale)GmbH (2) &#13; &#13; von hallelife.de &#8211; Redaktion &#13; 14. Januar 2026&#13; Erfolgreiche Jahresbilanz: \u201eSalz und Mehr\u201c&hellip;\n","protected":false},"author":2,"featured_media":719327,"comment_status":"","ping_status":"","sticky":false,"template":"","format":"standard","meta":{"footnotes":""},"categories":[1860],"tags":[3364,29,548,663,3934,30,4062,17332,13,14,15,17331,860,12,23767],"class_list":{"0":"post-719326","1":"post","2":"type-post","3":"status-publish","4":"format-standard","5":"has-post-thumbnail","7":"category-halle-saale","8":"tag-de","9":"tag-deutschland","10":"tag-eu","11":"tag-europa","12":"tag-europe","13":"tag-germany","14":"tag-halle","15":"tag-halle-saale","16":"tag-headlines","17":"tag-nachrichten","18":"tag-news","19":"tag-saale","20":"tag-sachsen-anhalt","21":"tag-schlagzeilen","22":"tag-stadtmarketing"},"share_on_mastodon":{"url":"https:\/\/pubeurope.com\/@de\/115897223354424819","error":""},"_links":{"self":[{"href":"https:\/\/www.europesays.com\/de\/wp-json\/wp\/v2\/posts\/719326","targetHints":{"allow":["GET"]}}],"collection":[{"href":"https:\/\/www.europesays.com\/de\/wp-json\/wp\/v2\/posts"}],"about":[{"href":"https:\/\/www.europesays.com\/de\/wp-json\/wp\/v2\/types\/post"}],"author":[{"embeddable":true,"href":"https:\/\/www.europesays.com\/de\/wp-json\/wp\/v2\/users\/2"}],"replies":[{"embeddable":true,"href":"https:\/\/www.europesays.com\/de\/wp-json\/wp\/v2\/comments?post=719326"}],"version-history":[{"count":0,"href":"https:\/\/www.europesays.com\/de\/wp-json\/wp\/v2\/posts\/719326\/revisions"}],"wp:featuredmedia":[{"embeddable":true,"href":"https:\/\/www.europesays.com\/de\/wp-json\/wp\/v2\/media\/719327"}],"wp:attachment":[{"href":"https:\/\/www.europesays.com\/de\/wp-json\/wp\/v2\/media?parent=719326"}],"wp:term":[{"taxonomy":"category","embeddable":true,"href":"https:\/\/www.europesays.com\/de\/wp-json\/wp\/v2\/categories?post=719326"},{"taxonomy":"post_tag","embeddable":true,"href":"https:\/\/www.europesays.com\/de\/wp-json\/wp\/v2\/tags?post=719326"}],"curies":[{"name":"wp","href":"https:\/\/api.w.org\/{rel}","templated":true}]}}