{"id":719414,"date":"2026-01-15T05:15:10","date_gmt":"2026-01-15T05:15:10","guid":{"rendered":"https:\/\/www.europesays.com\/de\/719414\/"},"modified":"2026-01-15T05:15:10","modified_gmt":"2026-01-15T05:15:10","slug":"stadt-erteilt-baugenehmigung-fuer-den-koe-tower","status":"publish","type":"post","link":"https:\/\/www.europesays.com\/de\/719414\/","title":{"rendered":"Stadt erteilt Baugenehmigung f\u00fcr den K\u00f6-Tower"},"content":{"rendered":"<p class=\"text_ohne_einzug richtext text-em-55 !leading-serif mx-6 desktop:mx-0\"> Zwei wichtige Entscheidungen f\u00fcr das Projekt K\u00f6-Tower sind gefallen: Die Stadt hat die Gesamt-Baugenehmigung f\u00fcr den Turm erteilt, auch hat der Ankermieter f\u00fcr den gro\u00dfen Sockelbau unterschrieben. Das D\u00fcsseldorfer Architekturb\u00fcro RKW, das den K\u00f6-Tower auch geplant hat, hat nach langen Verhandlungen 5000\u2005Quadratmeter B\u00fcrofl\u00e4che in den unteren drei Etagen angemietet. Der Umzug vom aktuellen Sitz in der Tersteegenstra\u00dfe in Golzheim mit mehr als 300 Mitarbeitern ist f\u00fcr das Jahresende 2028 geplant.<\/p>\n","protected":false},"excerpt":{"rendered":"Zwei wichtige Entscheidungen f\u00fcr das Projekt K\u00f6-Tower sind gefallen: Die Stadt hat die Gesamt-Baugenehmigung f\u00fcr den Turm erteilt,&hellip;\n","protected":false},"author":2,"featured_media":719415,"comment_status":"","ping_status":"","sticky":false,"template":"","format":"standard","meta":{"footnotes":""},"categories":[1831],"tags":[165556,6765,3364,29,3405,106639,30,31151,2744,5896,1209,131420,25916,24895,165557],"class_list":{"0":"post-719414","1":"post","2":"type-post","3":"status-publish","4":"format-standard","5":"has-post-thumbnail","7":"category-duesseldorf","8":"tag-ankermieter","9":"tag-baugenehmigung","10":"tag-de","11":"tag-deutschland","12":"tag-duesseldorf","13":"tag-erteilt","14":"tag-germany","15":"tag-gruenes","16":"tag-hochhaus","17":"tag-koenigsallee","18":"tag-nordrhein-westfalen","19":"tag-suedende","20":"tag-tower","21":"tag-turm","22":"tag-unterschrieben"},"share_on_mastodon":{"url":"https:\/\/pubeurope.com\/@de\/115897416046404783","error":""},"_links":{"self":[{"href":"https:\/\/www.europesays.com\/de\/wp-json\/wp\/v2\/posts\/719414","targetHints":{"allow":["GET"]}}],"collection":[{"href":"https:\/\/www.europesays.com\/de\/wp-json\/wp\/v2\/posts"}],"about":[{"href":"https:\/\/www.europesays.com\/de\/wp-json\/wp\/v2\/types\/post"}],"author":[{"embeddable":true,"href":"https:\/\/www.europesays.com\/de\/wp-json\/wp\/v2\/users\/2"}],"replies":[{"embeddable":true,"href":"https:\/\/www.europesays.com\/de\/wp-json\/wp\/v2\/comments?post=719414"}],"version-history":[{"count":0,"href":"https:\/\/www.europesays.com\/de\/wp-json\/wp\/v2\/posts\/719414\/revisions"}],"wp:featuredmedia":[{"embeddable":true,"href":"https:\/\/www.europesays.com\/de\/wp-json\/wp\/v2\/media\/719415"}],"wp:attachment":[{"href":"https:\/\/www.europesays.com\/de\/wp-json\/wp\/v2\/media?parent=719414"}],"wp:term":[{"taxonomy":"category","embeddable":true,"href":"https:\/\/www.europesays.com\/de\/wp-json\/wp\/v2\/categories?post=719414"},{"taxonomy":"post_tag","embeddable":true,"href":"https:\/\/www.europesays.com\/de\/wp-json\/wp\/v2\/tags?post=719414"}],"curies":[{"name":"wp","href":"https:\/\/api.w.org\/{rel}","templated":true}]}}