{"id":719473,"date":"2026-01-15T05:48:41","date_gmt":"2026-01-15T05:48:41","guid":{"rendered":"https:\/\/www.europesays.com\/de\/719473\/"},"modified":"2026-01-15T05:48:41","modified_gmt":"2026-01-15T05:48:41","slug":"de-jubelpruemmcher-neues-altweiberkomitee-von-raeren-ist-bereit","status":"publish","type":"post","link":"https:\/\/www.europesays.com\/de\/719473\/","title":{"rendered":"&#8222;De Jubelpr\u00fcmmcher&#8220;: Neues Altweiberkomitee von Raeren ist bereit"},"content":{"rendered":"<p>Dass es keinen Altweibertag mehr in Raeren geben k\u00f6nnte, das war f\u00fcr die Mitglieder der &#8222;Jubelpr\u00fcmmcher&#8220; undenkbar. &#8222;Wir sind alle schon lange im Dorf verwurzelt und haben uns dann \u00fcber Irren und Wirren gefunden, weil das Thema Altweiber uns alle besch\u00e4ftigt hat&#8220;, erkl\u00e4rt Gruppenmitglied Naomi Renardy. &#8222;Wir haben uns dann zusammengetan, um die Tradition fortzuf\u00fchren und gleichzeitig neue Impulse zu geben.&#8220;<\/p>\n<p>Der Name der Gruppe kommt aus dem Raerener Platt und setzt sich aus zwei Teilen zusammen: &#8222;Jubel&#8220; beschreibt das Miteinander und den Zusammenhalt in der Gruppe. &#8222;Prumm&#8220; kann im Raerener Platt so einiges bedeuten &#8211; unter anderem aber auch &#8222;Pflaume&#8220;. Die Pflaume ist auch das Maskottchen der neunk\u00f6pfigen Gruppe. <\/p>\n<p>&#8222;Eine &#8218;Jubelprumm&#8216; ist f\u00fcr uns eine Frau, die mitten im Leben steht, gerne feiert, offen auf andere zugeht und sich selbst nicht allzu ernst nimmt&#8220;, so Renardy. <\/p>\n<p>Den Altweibertag zu planen, ist harte Arbeit, deshalb freuen sich &#8222;De Jubelpr\u00fcmmcher&#8220; umso mehr dar\u00fcber, dass ihre Vorg\u00e4ngerinnen &#8222;De Bl\u00f6mcher&#8220; ihnen mit wertvollen Ratschl\u00e4gen zur Seite stehen. &#8222;De Bl\u00f6mcher haben uns offen signalisiert, dass wir uns jederzeit melden k\u00f6nnen, wenn wir Unterst\u00fctzung brauchen. Das haben wir auch schon in Anspruch genommen. Zum Beispiel bei organisatorischen Fragen oder wenn es um Erfahrungen aus den vergangenen Jahren ging. Daf\u00fcr sind wir auch sehr dankbar.&#8220; <\/p>\n<p>&#8222;Gleichzeitig wollen wir aber auch unseren eigenen Weg gehen und uns als Gruppe erst einmal einfinden.&#8220; Und auch ohne die Gemeinde, andere Vereine und weitere Helfer und Sponsoren w\u00e4re die Organisation des Tages nicht m\u00f6glich, so Renardy. <\/p>\n<p>Ernst wird es f\u00fcr die Jubelpr\u00fcmmcher am 12. Februar. Dann steht der Altweiberdonnerstag in Raeren an. &#8222;Der Tag beginnt bewusst gem\u00fctlich im Marienheim in Raeren. Dort gibt es ein reichhaltiges Buffetangebot. Von dort aus geht es dann hinaus auf die Stra\u00dfe, die Alten Weiber ziehen durch Raeren und legen unter anderem Stopps am Caf\u00e9 der Tennishalle, am Sporthallencaf\u00e9, am Bergscheider Hof und an der Apotheke ein. An jeder Station gibt es dann kleine \u00dcberraschungen. Der Zug wird dann immer gr\u00f6\u00dfer und endet schlie\u00dflich auf dem Dorfplatz. Da findet dann die traditionelle Altweiberparty der Lustigen 11 statt.&#8220;<\/p>\n<p>Wichtig ist dem Altweiberkomitee, dass jeder zu den Feierlichkeiten eingeladen ist. &#8222;Wir freuen uns \u00fcber jedes neue Gesicht, aber auch \u00fcber jedes bekannte. Der Karneval, wie wir ihn lieben ist bunt, laut und herzlich. Unser Ziel ist es nicht, alles neu zu erfinden, sondern das fortzuf\u00fchren, was gewachsen ist, und dabei immer offen f\u00fcr neue Ideen zu sein. Wenn Menschen Lust haben, mitzumachen, Verantwortung zu \u00fcbernehmen und sich einzubringen, dann entsteht der Karnevalsschwung ganz von selbst und das erleben wir gerade&#8220;, erkl\u00e4rt Naomi Renardy. <\/p>\n<p>Kartenvorbestellungen f\u00fcr das Altweiberfr\u00fchst\u00fcck im Marienheim sind per E-Mail unter <a href=\"https:\/\/brf.be\/regional\/2041181\/mailto:dejubelpruemmcher@gmail.com\" target=\"_blank\" rel=\"noopener\">dejubelpruemmcher@gmail.com<\/a> m\u00f6glich. Ab dem 4. Februar sind die Karten au\u00dferdem im Geschenkel\u00e4dchen der Tagesst\u00e4tte Raeren (montags bis freitags von 8:30 bis 16:00 Uhr) sowie im Marienheim Raeren (montags bis donnerstags von 10 bis 16 Uhr und freitags von 10 bis 15 Uhr) erh\u00e4ltlich.<\/p>\n<p class=\"customquelle\">Lindsay Ahn<\/p>\n","protected":false},"excerpt":{"rendered":"Dass es keinen Altweibertag mehr in Raeren geben k\u00f6nnte, das war f\u00fcr die Mitglieder der &#8222;Jubelpr\u00fcmmcher&#8220; undenkbar. &#8222;Wir&hellip;\n","protected":false},"author":2,"featured_media":719474,"comment_status":"","ping_status":"","sticky":false,"template":"","format":"standard","meta":{"footnotes":""},"categories":[1853],"tags":[1424,3364,29,548,663,3934,30,13,14,15,1209,12],"class_list":{"0":"post-719473","1":"post","2":"type-post","3":"status-publish","4":"format-standard","5":"has-post-thumbnail","7":"category-aachen","8":"tag-aachen","9":"tag-de","10":"tag-deutschland","11":"tag-eu","12":"tag-europa","13":"tag-europe","14":"tag-germany","15":"tag-headlines","16":"tag-nachrichten","17":"tag-news","18":"tag-nordrhein-westfalen","19":"tag-schlagzeilen"},"share_on_mastodon":{"url":"https:\/\/pubeurope.com\/@de\/115897545837393355","error":""},"_links":{"self":[{"href":"https:\/\/www.europesays.com\/de\/wp-json\/wp\/v2\/posts\/719473","targetHints":{"allow":["GET"]}}],"collection":[{"href":"https:\/\/www.europesays.com\/de\/wp-json\/wp\/v2\/posts"}],"about":[{"href":"https:\/\/www.europesays.com\/de\/wp-json\/wp\/v2\/types\/post"}],"author":[{"embeddable":true,"href":"https:\/\/www.europesays.com\/de\/wp-json\/wp\/v2\/users\/2"}],"replies":[{"embeddable":true,"href":"https:\/\/www.europesays.com\/de\/wp-json\/wp\/v2\/comments?post=719473"}],"version-history":[{"count":0,"href":"https:\/\/www.europesays.com\/de\/wp-json\/wp\/v2\/posts\/719473\/revisions"}],"wp:featuredmedia":[{"embeddable":true,"href":"https:\/\/www.europesays.com\/de\/wp-json\/wp\/v2\/media\/719474"}],"wp:attachment":[{"href":"https:\/\/www.europesays.com\/de\/wp-json\/wp\/v2\/media?parent=719473"}],"wp:term":[{"taxonomy":"category","embeddable":true,"href":"https:\/\/www.europesays.com\/de\/wp-json\/wp\/v2\/categories?post=719473"},{"taxonomy":"post_tag","embeddable":true,"href":"https:\/\/www.europesays.com\/de\/wp-json\/wp\/v2\/tags?post=719473"}],"curies":[{"name":"wp","href":"https:\/\/api.w.org\/{rel}","templated":true}]}}