{"id":719490,"date":"2026-01-15T05:57:27","date_gmt":"2026-01-15T05:57:27","guid":{"rendered":"https:\/\/www.europesays.com\/de\/719490\/"},"modified":"2026-01-15T05:57:27","modified_gmt":"2026-01-15T05:57:27","slug":"tsk-passt-muelltonnen-abholung-in-karlsruhe-an-was-eigentuemer-jetzt-wissen-muessen","status":"publish","type":"post","link":"https:\/\/www.europesays.com\/de\/719490\/","title":{"rendered":"TSK passt M\u00fclltonnen-Abholung in Karlsruhe an\u00a0\u2013 was Eigent\u00fcmer jetzt wissen m\u00fcssen"},"content":{"rendered":"<p class=\"mb-6 text-xs md:text-m lg:text-l font-serif group-[.font-sans]:font-sans \">\n    Bei einigen <a href=\"https:\/\/www.ka-news.de\/karlsruhe\/stadtgespraech\/karlsruhes-postleitzahlen-im-ueberblick-welche-zahl-gehoert-zu-welchem-stadtteil-22-12-25-111964973\" target=\"_self\" class=\"underline \" rel=\"nofollow noopener\">Karlsruher Stadtteilen<\/a> ist die Umstellung bereits geschehen, bei einer Vielzahl steht sie noch aus: <strong class=\"font-bold\">Die Neuordnung des Vollservices f\u00fcr Restm\u00fcll, Papier und Bioabfall.<\/strong> <a href=\"https:\/\/www.ka-news.de\/region\/karlsruhe\/tonnenschleppen-bald-passe-vollservice-debatte-heute-im-gemeinderat-1-6-25-art-3324223\" target=\"_self\" class=\"underline \" rel=\"nofollow noopener\">Ende Mai 2025 wurde diese im Gemeinderat beschlossen.<\/a>\n  <\/p>\n<p>            Was muss erf\u00fcllt sein, damit die Tonnen weiterhin geholt werden?<\/p>\n<p class=\"mb-6 text-xs md:text-m lg:text-l font-serif group-[.font-sans]:font-sans \">\n    Dar\u00fcber hat das TSK per Flyer bereits alle Haushalte in Karlsruhe benachrichtigt. Diesen finden Sie unter <a href=\"https:\/\/tsk.karlsruhe.de\/aktuelles\/neuordnung-des-vollservice\" rel=\"nofollow noopener\" target=\"_blank\" class=\"underline \">tsk.karlsruhe.de <\/a>zum Herunterladen.\n  <\/p>\n<p class=\"mb-6 text-xs md:text-m lg:text-l font-serif group-[.font-sans]:font-sans \">\n    Einer tabellarischen \u00dcbersicht ist zu entnehmen, dass die Umstellung in den Stadtteilen <strong class=\"font-bold\">Daxlanden, Gr\u00fcnwinkel, Oberreut, M\u00fchlburg und Beiertheim-Bulach noch im Januar<\/strong> stattfindet.\n  <\/p>\n<p class=\"mb-6 text-xs md:text-m lg:text-l font-serif group-[.font-sans]:font-sans \">\n    <strong class=\"font-bold\">Doch was bedeutet das?<\/strong>\n  <\/p>\n<p class=\"mb-6 text-xs md:text-m lg:text-l font-serif group-[.font-sans]:font-sans \">\n    Das TSK wird nur noch Tonnen im Vollservice \u2013 also das Abholen, Leeren und Zur\u00fcckstellen der Abfallbeh\u00e4lter\u00a0\u2013 bedienen, die\n  <\/p>\n<ul rel=\"\" class=\"[&amp;&gt;li]:relative list-none  [&amp;&gt;li]:pl-[1.2em] [&amp;&gt;li]:marker:text-[0] [&amp;&gt;li]:relative [&amp;&gt;li]:before:absolute [&amp;&gt;li]:before:w-3 [&amp;&gt;li]:before:h-3 [&amp;&gt;li]:before:bg-brand [&amp;&gt;li]:before:left-0 [&amp;&gt;li]:before:top-[8px] [&amp;&gt;li]:before:rounded-full  my-5\">\n<li class=\" mb-3 text-xs md:text-m lg:text-l\">maximal 35 Meter vom Fahrbahnrand entfernt stehen.<\/li>\n<li class=\" mb-3 text-xs md:text-m lg:text-l\">maximal 10 Stufen entfernt sind.<\/li>\n<li class=\" mb-3 text-xs md:text-m lg:text-l\">mit einer Steigung von maximal f\u00fcnf Prozent entfernt sind.<\/li>\n<\/ul>\n<p>    <img decoding=\"async\" src=\"https:\/\/www.europesays.com\/de\/wp-content\/uploads\/2026\/01\/0002.png\" alt=\"Informationsflyer zur Neuordnung des Vollservice f\u00fcr Restm\u00fcll, Papier\/Pappe und Bioabfall vom TSK.\" title=\"Informationsflyer zur Neuordnung des Vollservice f\u00fcr Restm\u00fcll, Papier\/Pappe und Bioabfall vom TSK.\" class=\"h-full w-full object-cover\"\/><\/p>\n<p>      Icon vergr\u00f6\u00dfern<\/p>\n<p>    Informationsflyer zur Neuordnung des Vollservice f\u00fcr Restm\u00fcll, Papier\/Pappe und Bioabfall vom TSK.<br \/>\n    Foto: Team Sauberes Karlsruhe<\/p>\n<p>        Schlie\u00dfen <\/p>\n<p>      Icon Schlie\u00dfen<\/p>\n<p>        Icon vergr\u00f6\u00dfern<\/p>\n<p>        Icon verkleinern<\/p>\n<p>      Icon Pfeil bewegen<\/p>\n<p>    Informationsflyer zur Neuordnung des Vollservice f\u00fcr Restm\u00fcll, Papier\/Pappe und Bioabfall vom TSK.<br \/>\n    Foto: Team Sauberes Karlsruhe<\/p>\n<p>    <img decoding=\"async\" src=\"https:\/\/www.europesays.com\/de\/wp-content\/uploads\/2026\/01\/0001.png\" alt=\"Informationsflyer zur Neuordnung des Vollservice f\u00fcr Restm\u00fcll, Papier\/Pappe und Bioabfall vom TSK.\" title=\"Informationsflyer zur Neuordnung des Vollservice f\u00fcr Restm\u00fcll, Papier\/Pappe und Bioabfall vom TSK.\" class=\"h-full w-full object-cover\"\/><\/p>\n<p>      Icon vergr\u00f6\u00dfern<\/p>\n<p>    Informationsflyer zur Neuordnung des Vollservice f\u00fcr Restm\u00fcll, Papier\/Pappe und Bioabfall vom TSK.<br \/>\n    Foto: Team Sauberes Karlsruhe<\/p>\n<p>        Schlie\u00dfen <\/p>\n<p>      Icon Schlie\u00dfen<\/p>\n<p>        Icon vergr\u00f6\u00dfern<\/p>\n<p>        Icon verkleinern<\/p>\n<p>      Icon Pfeil bewegen<\/p>\n<p>    Informationsflyer zur Neuordnung des Vollservice f\u00fcr Restm\u00fcll, Papier\/Pappe und Bioabfall vom TSK.<br \/>\n    Foto: Team Sauberes Karlsruhe<\/p>\n<p class=\"mb-6 text-xs md:text-m lg:text-l font-serif group-[.font-sans]:font-sans \">\n    <strong class=\"font-bold\">Alle Eigent\u00fcmer und Eigent\u00fcmerinnen sind in der Pflicht, dies zu \u00fcberpr\u00fcfen<\/strong>. Sollten die Standorte nicht den Anforderungen entsprechen, k\u00f6nnen alternative Standorte eingerichtet werden. Hierzu ber\u00e4t das TSK bei Bedarf in einer individuellen Beratung.\n  <\/p>\n<p>            Was im Teilservice zu beachten ist<\/p>\n<p class=\"mb-6 text-xs md:text-m lg:text-l font-serif group-[.font-sans]:font-sans \">\n    <strong class=\"font-bold\">Sollte sich kein geeigneter Standplatz finden, greift der Teilservice und die Abfallbeh\u00e4lter m\u00fcssen bereitgestellt werden: <\/strong>Fr\u00fchestens am Vorabend der Leerung sollen die zu leerenden Tonnen an den Stra\u00dfen- oder Gehwegrand gestellt und nach der Leerung aufger\u00e4umt werden.\n  <\/p>\n<p>            Diese Stadtteile m\u00fcssen als N\u00e4chstes handeln<\/p>\n<p class=\"mb-6 text-xs md:text-m lg:text-l font-serif group-[.font-sans]:font-sans \">\n    In diesen Stadtteilen folgt die Umstellung als N\u00e4chstes:\n  <\/p>\n<ul rel=\"\" class=\"[&amp;&gt;li]:relative list-none  [&amp;&gt;li]:pl-[1.2em] [&amp;&gt;li]:marker:text-[0] [&amp;&gt;li]:relative [&amp;&gt;li]:before:absolute [&amp;&gt;li]:before:w-3 [&amp;&gt;li]:before:h-3 [&amp;&gt;li]:before:bg-brand [&amp;&gt;li]:before:left-0 [&amp;&gt;li]:before:top-[8px] [&amp;&gt;li]:before:rounded-full  my-5\">\n<li class=\" mb-3 text-xs md:text-m lg:text-l\">Innenstadt-Ost, Oststadt, Rintheim: M\u00e4rz 2026<\/li>\n<li class=\" mb-3 text-xs md:text-m lg:text-l\">S\u00fcdstadt, Weiherfeld-Dammerstock: Mai 2026<\/li>\n<li class=\" mb-3 text-xs md:text-m lg:text-l\">Innenstadt-West, Knielingen, Nordstadt, Nordweststadt, Weststadt: Juli 2026<\/li>\n<li class=\" mb-3 text-xs md:text-m lg:text-l\">S\u00fcdstadt: September 2026<\/li>\n<\/ul>\n<p>            Diese Ausnahmen gibt es<\/p>\n<p class=\"mb-6 text-xs md:text-m lg:text-l font-serif group-[.font-sans]:font-sans \">\n    <strong class=\"font-bold\">Ausgenommen von der neuen Regelung sind vierr\u00e4drige Abfallbeh\u00e4lter mit 770 und 1.100 Liter Fassungsverm\u00f6gen<\/strong>. Sie werden weiterhin im Vollservice geleert, da sie aufgrund ihrer Gr\u00f6\u00dfe schwer sowie unhandlich sind und dadurch ein <strong class=\"font-bold\">Sicherheitsrisiko darstellen k\u00f6nnten<\/strong>.\n  <\/p>\n<p>    <img decoding=\"async\" src=\"https:\/\/images.mgpd.de\/img\/109132331\/crop\/c16_9-w100\/896468470\/614612188\/mulltonnen.jpg\" alt=\"M\u00fclltonnen am Stra\u00dfenrand. (Symbolbild)\" title=\"M\u00fclltonnen am Stra\u00dfenrand. (Symbolbild)\" class=\"h-full w-full object-cover\"\/><\/p>\n<p>      Icon vergr\u00f6\u00dfern<\/p>\n<p>    M\u00fclltonnen am Stra\u00dfenrand. (Symbolbild)<br \/>\n    Foto: Thorsten Jordan<\/p>\n<p>        Schlie\u00dfen <\/p>\n<p>      Icon Schlie\u00dfen<\/p>\n<p>        Icon vergr\u00f6\u00dfern<\/p>\n<p>        Icon verkleinern<\/p>\n<p>      Icon Pfeil bewegen<\/p>\n<p>    M\u00fclltonnen am Stra\u00dfenrand. (Symbolbild)<br \/>\n    Foto: Thorsten Jordan<\/p>\n<p class=\"mb-6 text-xs md:text-m lg:text-l font-serif group-[.font-sans]:font-sans \">\n    Ebenfalls ausgenommen sind die <strong class=\"font-bold\">drei Kernstadtgebiete Innenstadt, M\u00fchlburg und Durlach. <\/strong>Hier erfolgt der<strong class=\"font-bold\"> Vollservice auch \u00fcber die festgelegte Begrenzung hinaus.<\/strong> Grund daf\u00fcr ist, dass die Abfallbeh\u00e4lter auf den Gehwegen die Fu\u00dfg\u00e4nger st\u00f6ren sowie der Gastronomie und den Gesch\u00e4ften schaden k\u00f6nnten, so das TSK im Informationsflyer.\n  <\/p>\n<ul data-module-id=\"DragDropModule\" class=\"flex flex-wrap justify-start group-[.no-bookmarks]:hidden\">\n<li class=\"mb-3 mr-3\">\n    Franziska Gebhard<\/p>\n<p>      Icon Haken im Kreis gesetzt<\/p>\n<p>      Icon Plus im Kreis<\/p>\n<\/li>\n<li class=\"mb-3 mr-3\">\n    Karlsruhe<\/p>\n<p>      Icon Haken im Kreis gesetzt<\/p>\n<p>      Icon Plus im Kreis<\/p>\n<\/li>\n<li class=\"mb-3 mr-3\">\n    Stadtteil<\/p>\n<p>      Icon Haken im Kreis gesetzt<\/p>\n<p>      Icon Plus im Kreis<\/p>\n<\/li>\n<\/ul>\n","protected":false},"excerpt":{"rendered":"Bei einigen Karlsruher Stadtteilen ist die Umstellung bereits geschehen, bei einer Vielzahl steht sie noch aus: Die Neuordnung&hellip;\n","protected":false},"author":2,"featured_media":719491,"comment_status":"","ping_status":"","sticky":false,"template":"","format":"standard","meta":{"footnotes":"","_share_on_mastodon":"0"},"categories":[1844],"tags":[4099,1634,3364,29,20957,6763,30,8903,147354,6053,94850,165561],"class_list":["post-719490","post","type-post","status-publish","format-standard","has-post-thumbnail","category-karlsruhe","tag-abfallbehaelter","tag-baden-wuerttemberg","tag-de","tag-deutschland","tag-durlach","tag-gastronomie","tag-germany","tag-karlsruhe","tag-muellabholung","tag-stadtteil","tag-vollservice","tag-zugangsregel"],"share_on_mastodon":{"url":"https:\/\/pubeurope.com\/@de\/115897581284060768","error":""},"_links":{"self":[{"href":"https:\/\/www.europesays.com\/de\/wp-json\/wp\/v2\/posts\/719490","targetHints":{"allow":["GET"]}}],"collection":[{"href":"https:\/\/www.europesays.com\/de\/wp-json\/wp\/v2\/posts"}],"about":[{"href":"https:\/\/www.europesays.com\/de\/wp-json\/wp\/v2\/types\/post"}],"author":[{"embeddable":true,"href":"https:\/\/www.europesays.com\/de\/wp-json\/wp\/v2\/users\/2"}],"replies":[{"embeddable":true,"href":"https:\/\/www.europesays.com\/de\/wp-json\/wp\/v2\/comments?post=719490"}],"version-history":[{"count":0,"href":"https:\/\/www.europesays.com\/de\/wp-json\/wp\/v2\/posts\/719490\/revisions"}],"wp:featuredmedia":[{"embeddable":true,"href":"https:\/\/www.europesays.com\/de\/wp-json\/wp\/v2\/media\/719491"}],"wp:attachment":[{"href":"https:\/\/www.europesays.com\/de\/wp-json\/wp\/v2\/media?parent=719490"}],"wp:term":[{"taxonomy":"category","embeddable":true,"href":"https:\/\/www.europesays.com\/de\/wp-json\/wp\/v2\/categories?post=719490"},{"taxonomy":"post_tag","embeddable":true,"href":"https:\/\/www.europesays.com\/de\/wp-json\/wp\/v2\/tags?post=719490"}],"curies":[{"name":"wp","href":"https:\/\/api.w.org\/{rel}","templated":true}]}}