{"id":719497,"date":"2026-01-15T06:01:11","date_gmt":"2026-01-15T06:01:11","guid":{"rendered":"https:\/\/www.europesays.com\/de\/719497\/"},"modified":"2026-01-15T06:01:11","modified_gmt":"2026-01-15T06:01:11","slug":"spenge-vorschlaege-fuer-ehrenamtspreis-bis-maerz-einreichen","status":"publish","type":"post","link":"https:\/\/www.europesays.com\/de\/719497\/","title":{"rendered":"Spenge: Vorschl\u00e4ge f\u00fcr Ehrenamtspreis bis M\u00e4rz einreichen"},"content":{"rendered":"<p>Die Stadt Spenge sucht Vorschl\u00e4ge, an wen in diesem Jahr der Preis f\u00fcr ehrenamtliches und freiwilliges Engagement gehen soll. 500 Euro stehen bereit.<\/p>\n<p>Nominierungen f\u00fcr ehrenamtliches Engagement<\/p>\n<p>Dieser Preis soll an eine Einzelperson oder auch eine Institution verliehen werden, die sich besonders engagiert hat. Vorschl\u00e4ge k\u00f6nnen noch bis Ende M\u00e4rz bei der Stadt eingereicht werden.<\/p>\n<p>Jury-Entscheidung \u00fcber Preistr\u00e4ger<\/p>\n<p>Eine Jury entscheidet danach, wer ausgezeichnet wird.<\/p>\n","protected":false},"excerpt":{"rendered":"Die Stadt Spenge sucht Vorschl\u00e4ge, an wen in diesem Jahr der Preis f\u00fcr ehrenamtliches und freiwilliges Engagement gehen&hellip;\n","protected":false},"author":2,"featured_media":719498,"comment_status":"","ping_status":"","sticky":false,"template":"","format":"standard","meta":{"footnotes":"","_share_on_mastodon":"0"},"categories":[1841],"tags":[1605,3364,29,5393,125655,42111,30,1209,8718,55150],"class_list":["post-719497","post","type-post","status-publish","format-standard","has-post-thumbnail","category-bielefeld","tag-bielefeld","tag-de","tag-deutschland","tag-ehrenamt","tag-freiwilliges-engagement","tag-gemeindeverwaltung","tag-germany","tag-nordrhein-westfalen","tag-preisverleihung","tag-spenge"],"share_on_mastodon":{"url":"https:\/\/pubeurope.com\/@de\/115897597052799903","error":""},"_links":{"self":[{"href":"https:\/\/www.europesays.com\/de\/wp-json\/wp\/v2\/posts\/719497","targetHints":{"allow":["GET"]}}],"collection":[{"href":"https:\/\/www.europesays.com\/de\/wp-json\/wp\/v2\/posts"}],"about":[{"href":"https:\/\/www.europesays.com\/de\/wp-json\/wp\/v2\/types\/post"}],"author":[{"embeddable":true,"href":"https:\/\/www.europesays.com\/de\/wp-json\/wp\/v2\/users\/2"}],"replies":[{"embeddable":true,"href":"https:\/\/www.europesays.com\/de\/wp-json\/wp\/v2\/comments?post=719497"}],"version-history":[{"count":0,"href":"https:\/\/www.europesays.com\/de\/wp-json\/wp\/v2\/posts\/719497\/revisions"}],"wp:featuredmedia":[{"embeddable":true,"href":"https:\/\/www.europesays.com\/de\/wp-json\/wp\/v2\/media\/719498"}],"wp:attachment":[{"href":"https:\/\/www.europesays.com\/de\/wp-json\/wp\/v2\/media?parent=719497"}],"wp:term":[{"taxonomy":"category","embeddable":true,"href":"https:\/\/www.europesays.com\/de\/wp-json\/wp\/v2\/categories?post=719497"},{"taxonomy":"post_tag","embeddable":true,"href":"https:\/\/www.europesays.com\/de\/wp-json\/wp\/v2\/tags?post=719497"}],"curies":[{"name":"wp","href":"https:\/\/api.w.org\/{rel}","templated":true}]}}