{"id":719505,"date":"2026-01-15T06:05:11","date_gmt":"2026-01-15T06:05:11","guid":{"rendered":"https:\/\/www.europesays.com\/de\/719505\/"},"modified":"2026-01-15T06:05:11","modified_gmt":"2026-01-15T06:05:11","slug":"kriminalitaet-geldautomat-in-witten-gesprengt-panorama","status":"publish","type":"post","link":"https:\/\/www.europesays.com\/de\/719505\/","title":{"rendered":"Kriminalit\u00e4t &#8211; Geldautomat in Witten gesprengt &#8211; Panorama"},"content":{"rendered":"<p data-manual=\"paragraph\" data-schema-org-speakable=\"true\" class=\"css-1eosz7k\">Witten (dpa\/lnw) &#8211; Unbekannte haben in Witten (Ennepe-Ruhr-Kreis) einen Geldautomaten gesprengt. Bislang gebe es keine Hinweise auf die T\u00e4ter, sagte ein Polizeisprecher.\u00a0<\/p>\n<p data-manual=\"paragraph\" data-schema-org-speakable=\"true\" class=\"css-1eosz7k\">Anwohner hatten demnach in der Nacht eine Explosion in einer Bank geh\u00f6rt und die Polizei alarmiert. Die Beamten leiteten sofort eine Fahndung ein, auch ein Hubschrauber kam dabei zum Einsatz.\u00a0<\/p>\n<p data-manual=\"paragraph\" data-schema-org-speakable=\"true\" class=\"css-1eosz7k\">Laut Polizei ist das Geb\u00e4ude weiterhin nutz- und bewohnbar, ein Statiker war vor Ort. Ob tats\u00e4chlich Geld gestohlen wurde, war zun\u00e4chst unklar. Die Ermittlungen dauern an.<\/p>\n<p data-manual=\"paragraph\" data-schema-org-speakable=\"true\" class=\"css-1eosz7k\">\u00a9 dpa-infocom, dpa:260115-930-547049\/1<\/p>\n","protected":false},"excerpt":{"rendered":"Witten (dpa\/lnw) &#8211; Unbekannte haben in Witten (Ennepe-Ruhr-Kreis) einen Geldautomaten gesprengt. Bislang gebe es keine Hinweise auf die&hellip;\n","protected":false},"author":2,"featured_media":719506,"comment_status":"","ping_status":"","sticky":false,"template":"","format":"standard","meta":{"footnotes":""},"categories":[1839],"tags":[7507,3364,29,30,1584,1209,1974,149,21049],"class_list":{"0":"post-719505","1":"post","2":"type-post","3":"status-publish","4":"format-standard","5":"has-post-thumbnail","7":"category-bochum","8":"tag-bochum","9":"tag-de","10":"tag-deutschland","11":"tag-germany","12":"tag-kriminalitaet","13":"tag-nordrhein-westfalen","14":"tag-panorama","15":"tag-sueddeutsche-zeitung","16":"tag-ungefaehrer-ort"},"share_on_mastodon":{"url":"https:\/\/pubeurope.com\/@de\/115897612691114345","error":""},"_links":{"self":[{"href":"https:\/\/www.europesays.com\/de\/wp-json\/wp\/v2\/posts\/719505","targetHints":{"allow":["GET"]}}],"collection":[{"href":"https:\/\/www.europesays.com\/de\/wp-json\/wp\/v2\/posts"}],"about":[{"href":"https:\/\/www.europesays.com\/de\/wp-json\/wp\/v2\/types\/post"}],"author":[{"embeddable":true,"href":"https:\/\/www.europesays.com\/de\/wp-json\/wp\/v2\/users\/2"}],"replies":[{"embeddable":true,"href":"https:\/\/www.europesays.com\/de\/wp-json\/wp\/v2\/comments?post=719505"}],"version-history":[{"count":0,"href":"https:\/\/www.europesays.com\/de\/wp-json\/wp\/v2\/posts\/719505\/revisions"}],"wp:featuredmedia":[{"embeddable":true,"href":"https:\/\/www.europesays.com\/de\/wp-json\/wp\/v2\/media\/719506"}],"wp:attachment":[{"href":"https:\/\/www.europesays.com\/de\/wp-json\/wp\/v2\/media?parent=719505"}],"wp:term":[{"taxonomy":"category","embeddable":true,"href":"https:\/\/www.europesays.com\/de\/wp-json\/wp\/v2\/categories?post=719505"},{"taxonomy":"post_tag","embeddable":true,"href":"https:\/\/www.europesays.com\/de\/wp-json\/wp\/v2\/tags?post=719505"}],"curies":[{"name":"wp","href":"https:\/\/api.w.org\/{rel}","templated":true}]}}