{"id":719671,"date":"2026-01-15T07:45:13","date_gmt":"2026-01-15T07:45:13","guid":{"rendered":"https:\/\/www.europesays.com\/de\/719671\/"},"modified":"2026-01-15T07:45:13","modified_gmt":"2026-01-15T07:45:13","slug":"loewenbabys-in-tiergarten-nuernberg-geboren-eine-traurige-nachricht","status":"publish","type":"post","link":"https:\/\/www.europesays.com\/de\/719671\/","title":{"rendered":"L\u00f6wenbabys in Tiergarten N\u00fcrnberg geboren \u2013 eine traurige Nachricht"},"content":{"rendered":"<ol class=\"id-DonaldBreadcrumb lp_west_breadcrumb id-DonaldBreadcrumb--default\" data-k5a-pos=\"west_breadcrumb\">\n<li class=\"id-Breadcrumb-item\"><a href=\"https:\/\/www.merkur.de\/\" class=\"id-Breadcrumb-link\" data-id-ec=\"{\" shn=\"\" textlink=\"\" data-k5a-pos=\"1_startseite\" target=\"_blank\" rel=\"noopener\">Startseite<\/a><\/li>\n<li class=\"id-Breadcrumb-item\"><a href=\"https:\/\/www.merkur.de\/bayern\/\" class=\"id-Breadcrumb-link\" data-id-ec=\"{\" shn=\"\" textlink=\"\" data-k5a-pos=\"2_bayern\" target=\"_blank\" rel=\"noopener\">Bayern<\/a><\/li>\n<li class=\"id-Breadcrumb-item\"><a href=\"https:\/\/www.merkur.de\/bayern\/nuernberg\/\" class=\"id-Breadcrumb-link\" data-id-ec=\"{\" shn=\"\" textlink=\"\" franken=\"\" data-k5a-pos=\"3_nuernbergFranken\" target=\"_blank\" rel=\"noopener\">N\u00fcrnberg &amp; Franken<\/a><\/li>\n<\/ol>\n<p class=\"id-Story-timestamp id-Story-timestamp--default\">Stand: 15.01.2026, 08:31 Uhr<\/p>\n<p class=\"id-Story-authors id-Story-authors--default\">Von: <a class=\"id-Story-authors-link lp_west_author\" href=\"https:\/\/www.merkur.de\/autor\/katarina-amtmann-29l128xxb.html\" title=\"Zur Autorenseite von Katarina Amtmann\" data-id-ec=\"{\" shn=\"\" author-link=\"\" amtmann=\"\" data-k5a-pos=\"west_author\" target=\"_blank\" rel=\"noopener\">Katarina Amtmann<\/a><\/p>\n<p class=\"id-Story-interactionBar id-Story-interactionBar--default\">DruckenTeilen<\/p>\n<p class=\"id-StoryElement-leadText\">Im N\u00fcrnberger Zoo sind L\u00f6wenbabys geboren. Doch Besucher m\u00fcssen warten. Die kleinen Raubkatzen bleiben vorerst hinter verschlossenen T\u00fcren.<\/p>\n<p class=\"id-StoryElement-paragraph\">N\u00fcrnberg &#8211; Seit dem zweiten Weihnachtsfeiertag gibt es im N\u00fcrnberger Zoo erfreuliche Neuigkeiten im Raubtierhaus. Doch warum bleiben die kleinen Raubkatzen vorerst unsichtbar f\u00fcr die Besucher?<\/p>\n<p>Tiergarten N\u00fcrnberg verk\u00fcndet Geburt von L\u00f6wenbabys<\/p>\n<p class=\"id-StoryElement-paragraph\">Der N\u00fcrnberger Tierpark verk\u00fcndet stolz die Geburt von L\u00f6wenbabys: Die Asiatische L\u00f6win Aarany brachte am zweiten Weihnachtsfeiertag sechs Jungtiere zur Welt. Leider verstarb eines der Jungen kurz nach der Geburt. Die Mutter k\u00fcmmert sich jedoch um die verbleibenden f\u00fcnf \u201esehr intensiv und f\u00fcrsorglich\u201c.<\/p>\n<p><img decoding=\"async\" class=\"id-RatioPlaceholder-element wv_story_el_image\" src=\"https:\/\/www.europesays.com\/de\/wp-content\/uploads\/2026\/01\/40968516-loewen-babys-im-nuernberger-tiergarten-QCBG.jpg\" loading=\"lazy\"   height=\"696\" width=\"1100\" alt=\"L&#xF6;wen-Babys im N&#xFC;rnberger Tiergarten \"\/>Die L\u00f6win Aarany liegt mit ihren Jungtieren Indica und Jadoo 2023 im N\u00fcrnberger Tiergarten im Gehege (Archivbild). \u00a9\u00a0Daniel Karmann\/dpa +++ dpa-Bildfunk +++<\/p>\n<p class=\"id-StoryElement-paragraph\">Besucher m\u00fcssen sich noch gedulden, um die Jungtiere zu sehen. Der Tierpark erkl\u00e4rt, dass die L\u00f6wenbabys \u201efr\u00fchestens in mehreren Wochen zu sehen sein\u201c werden. In der Zeit nach der Geburt sind L\u00f6wen, wie andere Raubtiere auch, \u201esehr st\u00f6ranf\u00e4llig\u201c. Daher bleibt das Raubtierhaus vorerst geschlossen.<\/p>\n<p class=\"id-StoryElement-paragraph\">Nicht nur die Besucher sollen Abstand halten, auch die Tierpfleger werden sich vorerst zur\u00fcckhalten. \u201eKontakt mit den Pflegerinnen und Pflegern k\u00f6nnte sie irritieren\u201c, erl\u00e4uterte Zootierarzt Hermann Will. \u201eWir behalten sie aber \u00fcber eine Kamera im Blick.\u201c<\/p>\n<p>L\u00f6wen Kiron und Aarany haben Nachwuchs bekommen \u2013 \u201eRuhiger und entspannter\u201c<\/p>\n<p class=\"id-StoryElement-paragraph\">Die L\u00f6wenmutter ist jedoch nicht allein: Der L\u00f6wenkater Kiron ist bei ihr. \u201eBereits w\u00e4hrend der letzten Aufzucht vor zwei Jahren haben wir festgestellt, dass Aarany in Kirons Anwesenheit ruhiger und entspannter ist, und uns deshalb bewusst entschieden, die beiden zusammenzulassen\u201c, erkl\u00e4rte Zootierarzt Will. Kiron war auch bei der Geburt anwesend.<\/p>\n<p class=\"id-StoryElement-paragraph\">Im Sommer hatte Aarany ebenfalls Nachwuchs, <a href=\"https:\/\/www.merkur.de\/bayern\/nuernberg\/nach-geburt-tragoedie-im-nuernberger-tiergarten-loewenbaby-stirbt-kurz-93883410.html\" class=\"id-import-Link\" data-id-ec=\"{&quot;sht&quot;:&quot;Container&quot;,&quot;shn&quot;:&quot;Story&quot;,&quot;p&quot;:{&quot;containerType&quot;:&quot;Paragraph&quot;,&quot;displayType&quot;:&quot;Paragraph InlineLink&quot;,&quot;type&quot;:&quot;INLINE_LINK&quot;,&quot;value&quot;:&quot;der jedoch nicht &#xFC;berlebte&quot;,&quot;variant&quot;:&quot;standardLink&quot;,&quot;sponsored&quot;:false,&quot;linkHref&quot;:&quot;https:\/\/www.merkur.de\/bayern\/nuernberg\/nach-geburt-tragoedie-im-nuernberger-tiergarten-loewenbaby-stirbt-kurz-93883410.html&quot;,&quot;storyElementPosition&quot;:20,&quot;storyElementCount&quot;:24}}\" target=\"_blank\" rel=\"noopener\">der jedoch nicht \u00fcberlebte<\/a>. \u201eEs ist davon auszugehen, dass ein Elternteil, vermutlich Aarany, den Nachwuchs aufgefressen hat\u201c, berichtete der Tiergarten im August.<\/p>\n<p>\u201eFantastisches Alpenpanorama\u201c: Die zehn sch\u00f6nsten Ausflugsziele in Bayern<img decoding=\"async\" class=\"id-RatioPlaceholder-element wv_story_el_interstitialImage\" src=\"https:\/\/www.europesays.com\/de\/wp-content\/uploads\/2025\/11\/40392627-tuechersfeld-wieskirch-3Ofe.jpg\" loading=\"lazy\"   height=\"1350\" width=\"2400\" alt=\"T&#xFC;chersfeld, Wieskirch\"\/><a href=\"https:\/\/www.merkur.de\/bayern\/fantastisches-alpenpanorama-die-zehn-schoensten-ausflugsziele-in-bayern-zr-94048087.html\" class=\"id-StoryElement-intestitialLink-link\" data-id-ec=\"{\" shn=\"\" ansehen=\"\" data-k5a-pos=\"west_story_20_photoGalleryLink\" title=\"Zur Fotostrecke: &#x201E;Fantastisches Alpenpanorama&#x201C;: Die zehn sch&#xF6;nsten Ausflugsziele in Bayern\" target=\"_blank\" rel=\"noopener\">Fotostrecke ansehen<\/a><\/p>\n<p class=\"id-StoryElement-paragraph\">Dass L\u00f6wen ihre Jungtiere auffressen, wird h\u00e4ufiger beobachtet. Im Leipziger Zoo hatte 2019 eine L\u00f6win ihren Nachwuchs gefressen. Ein Grund kann die Unerfahrenheit der Mutter in der Aufzucht von Jungen sein. Zwar hatte Aarany bereits 2023 erfolgreich Nachwuchs aufgezogen. Allerdings habe sie auch hier drei von vier Welpen aufgefressen, \u201ewas mit gro\u00dfer Wahrscheinlichkeit auf ihre Unerfahrenheit zur\u00fcckzuf\u00fchren war\u201c, teilte der Tiergarten mit.<\/p>\n<p class=\"id-StoryElement-paragraph\">Ein weiterer Grund k\u00f6nnte sein, dass die Mutter die \u00dcberlebenschancen der Jungen als zu gering einsch\u00e4tzt, m\u00f6glicherweise basierend auf Geruchsempfindungen. 2008 sorgte im N\u00fcrnberger Tiergarten eine Eisb\u00e4rin f\u00fcr Aufsehen, die ihren Nachwuchs gefressen hatte. (Quelle: dpa) (kam)<\/p>\n","protected":false},"excerpt":{"rendered":"Startseite Bayern N\u00fcrnberg &amp; Franken Stand: 15.01.2026, 08:31 Uhr Von: Katarina Amtmann DruckenTeilen Im N\u00fcrnberger Zoo sind L\u00f6wenbabys&hellip;\n","protected":false},"author":2,"featured_media":719672,"comment_status":"","ping_status":"","sticky":false,"template":"","format":"standard","meta":{"footnotes":""},"categories":[1837],"tags":[772,3364,29,30,3783],"class_list":{"0":"post-719671","1":"post","2":"type-post","3":"status-publish","4":"format-standard","5":"has-post-thumbnail","7":"category-nuernberg","8":"tag-bayern","9":"tag-de","10":"tag-deutschland","11":"tag-germany","12":"tag-nuernberg"},"share_on_mastodon":{"url":"https:\/\/pubeurope.com\/@de\/115898006025167441","error":""},"_links":{"self":[{"href":"https:\/\/www.europesays.com\/de\/wp-json\/wp\/v2\/posts\/719671","targetHints":{"allow":["GET"]}}],"collection":[{"href":"https:\/\/www.europesays.com\/de\/wp-json\/wp\/v2\/posts"}],"about":[{"href":"https:\/\/www.europesays.com\/de\/wp-json\/wp\/v2\/types\/post"}],"author":[{"embeddable":true,"href":"https:\/\/www.europesays.com\/de\/wp-json\/wp\/v2\/users\/2"}],"replies":[{"embeddable":true,"href":"https:\/\/www.europesays.com\/de\/wp-json\/wp\/v2\/comments?post=719671"}],"version-history":[{"count":0,"href":"https:\/\/www.europesays.com\/de\/wp-json\/wp\/v2\/posts\/719671\/revisions"}],"wp:featuredmedia":[{"embeddable":true,"href":"https:\/\/www.europesays.com\/de\/wp-json\/wp\/v2\/media\/719672"}],"wp:attachment":[{"href":"https:\/\/www.europesays.com\/de\/wp-json\/wp\/v2\/media?parent=719671"}],"wp:term":[{"taxonomy":"category","embeddable":true,"href":"https:\/\/www.europesays.com\/de\/wp-json\/wp\/v2\/categories?post=719671"},{"taxonomy":"post_tag","embeddable":true,"href":"https:\/\/www.europesays.com\/de\/wp-json\/wp\/v2\/tags?post=719671"}],"curies":[{"name":"wp","href":"https:\/\/api.w.org\/{rel}","templated":true}]}}