{"id":719695,"date":"2026-01-15T07:58:11","date_gmt":"2026-01-15T07:58:11","guid":{"rendered":"https:\/\/www.europesays.com\/de\/719695\/"},"modified":"2026-01-15T07:58:11","modified_gmt":"2026-01-15T07:58:11","slug":"wo-ist-maxi-weisses-kaninchen-seit-montag-verschwunden","status":"publish","type":"post","link":"https:\/\/www.europesays.com\/de\/719695\/","title":{"rendered":"Wo ist Maxi? Wei\u00dfes Kaninchen seit Montag verschwunden"},"content":{"rendered":"<p>Wo ist Maxi? <\/p>\n<p>Vermisst: Tierheim sucht nach wei\u00dfem Kaninchen<\/p>\n<p>15.01.2026 &#8211; 08:44 UhrLesedauer: 1 Min.<\/p>\n<p><a href=\"#focus-0\" class=\"transition-colors duration-200 block text-current relative\" data-sctrack=\"FocusGalleryImage.Reference\"><img fetchpriority=\"high\" data-testid=\"Opener.Image\" style=\"--lqipURL:url('https:\/\/images.t-online.de\/2026\/01\/GRL9jJiiTqQK\/0x52:1375x773\/fit-in\/150x0\/filters:blur(25)\/image.jpg')\"   loading=\"eager\" src=\"https:\/\/www.europesays.com\/de\/wp-content\/uploads\/2026\/01\/1768463891_39_image.jpg\" alt=\"Kaninchen Maxi wird seit Montag vermisst: Wer hat das verschwundene Tier gesehen?\" title=\"Kaninchen Maxi wird seit Montag vermisst: Wer hat das verschwundene Tier gesehen?\" width=\"1375\" height=\"773\" class=\"bg-[url:var(--lqipURL)] bg-cover bg-center flex h-full w-full max-w-full\" decoding=\"async\"\/><img style=\"--width:32;--height:32\" loading=\"lazy\" src=\"https:\/\/duesseldorf.t-online.de\/s\/paper\/_next\/static\/media\/zoom-in.f7dae02f.svg\" alt=\"Vergr\u00f6\u00dfern des Bildes\" title=\"Vergr\u00f6\u00dfern des Bildes\" class=\"block h-[calc(var(--height)_\/_16_*_1rem)] w-[calc(var(--width)_\/_16_*_1rem)] max-w-none absolute bottom-8 right-8 rounded-4 bg-snow p-8\" decoding=\"async\"\/><\/a><\/p>\n<p>Kaninchen Maxi wird seit Montag vermisst: Wer hat das verschwundene Tier gesehen? (Quelle: Tierheim D\u00fcsseldorf)<\/p>\n<p class=\"font-bold text-18 leading-17\">Seit dem 12. Januar wird ein Kaninchen in D\u00fcsseldorf gesucht. Das Tierheim bittet um Hinweise zum Verbleib des Tieres. Kann Maxi gefunden werden?<\/p>\n<p class=\"text-18 leading-17\">Kaninchen Maxi wird seit Montag in D\u00fcsseldorf-Unterrath vermisst. Das Tier verschwand im Bereich der Hagenauer Stra\u00dfe und wird laut Tierheim D\u00fcsseldorf &#8222;schmerzlich von seiner Kaninchenpartnerin und Besitzerin vermisst&#8220;.<\/p>\n<p class=\"text-18 leading-17\">Das Tierheim bittet nun in einem Facebook-Post von Mittwoch um Mithilfe bei der Suche nach dem Kaninchen. &#8222;Wer hat Maxi gesehen, oder vielleicht sogar zu sich genommen?&#8220;, fragt die Pflegestelle in seinem Aufruf. Dazu postet die Institution ein Foto des Kaninchens. Maxi hat wei\u00dfes Fell mit dunklen Flecken am Hinterteil.<\/p>\n<p class=\"text-18 leading-17\">Hinweise zum Verbleib des Tieres nimmt das Tierheim D\u00fcsseldorf telefonisch unter 0211-651850 (Frau Hufer oder Frau Grauel) oder per E-Mail an kleintierhaus@tierheim-duesseldorf.de entgegen.<\/p>\n","protected":false},"excerpt":{"rendered":"Wo ist Maxi? Vermisst: Tierheim sucht nach wei\u00dfem Kaninchen 15.01.2026 &#8211; 08:44 UhrLesedauer: 1 Min. Kaninchen Maxi wird&hellip;\n","protected":false},"author":2,"featured_media":719696,"comment_status":"","ping_status":"","sticky":false,"template":"","format":"standard","meta":{"footnotes":""},"categories":[1831],"tags":[72159,3364,29,3405,291,30,77335,15550,3467,1209,176,2486],"class_list":{"0":"post-719695","1":"post","2":"type-post","3":"status-publish","4":"format-standard","5":"has-post-thumbnail","7":"category-duesseldorf","8":"tag-72159","9":"tag-de","10":"tag-deutschland","11":"tag-duesseldorf","12":"tag-facebook","13":"tag-germany","14":"tag-hagenauer-strasse","15":"tag-kaninchen","16":"tag-landeshauptstadt","17":"tag-nordrhein-westfalen","18":"tag-nrw","19":"tag-tierheim"},"share_on_mastodon":{"url":"https:\/\/pubeurope.com\/@de\/115898057064969968","error":""},"_links":{"self":[{"href":"https:\/\/www.europesays.com\/de\/wp-json\/wp\/v2\/posts\/719695","targetHints":{"allow":["GET"]}}],"collection":[{"href":"https:\/\/www.europesays.com\/de\/wp-json\/wp\/v2\/posts"}],"about":[{"href":"https:\/\/www.europesays.com\/de\/wp-json\/wp\/v2\/types\/post"}],"author":[{"embeddable":true,"href":"https:\/\/www.europesays.com\/de\/wp-json\/wp\/v2\/users\/2"}],"replies":[{"embeddable":true,"href":"https:\/\/www.europesays.com\/de\/wp-json\/wp\/v2\/comments?post=719695"}],"version-history":[{"count":0,"href":"https:\/\/www.europesays.com\/de\/wp-json\/wp\/v2\/posts\/719695\/revisions"}],"wp:featuredmedia":[{"embeddable":true,"href":"https:\/\/www.europesays.com\/de\/wp-json\/wp\/v2\/media\/719696"}],"wp:attachment":[{"href":"https:\/\/www.europesays.com\/de\/wp-json\/wp\/v2\/media?parent=719695"}],"wp:term":[{"taxonomy":"category","embeddable":true,"href":"https:\/\/www.europesays.com\/de\/wp-json\/wp\/v2\/categories?post=719695"},{"taxonomy":"post_tag","embeddable":true,"href":"https:\/\/www.europesays.com\/de\/wp-json\/wp\/v2\/tags?post=719695"}],"curies":[{"name":"wp","href":"https:\/\/api.w.org\/{rel}","templated":true}]}}