{"id":719761,"date":"2026-01-15T08:35:10","date_gmt":"2026-01-15T08:35:10","guid":{"rendered":"https:\/\/www.europesays.com\/de\/719761\/"},"modified":"2026-01-15T08:35:10","modified_gmt":"2026-01-15T08:35:10","slug":"impulsvortraege-und-familienzeit-das-papenteicher-elternprogramm-2026","status":"publish","type":"post","link":"https:\/\/www.europesays.com\/de\/719761\/","title":{"rendered":"Impulsvortr\u00e4ge und Familienzeit: Das Papenteicher Elternprogramm 2026"},"content":{"rendered":"<p class=\"Textstyled__Text-sc-1cqv9mi-0 dKgfuR\">Papenteich. Mit der Veranstaltungsreihe Papenteicher Elternprogramm (PEP) 2026 m\u00f6chte die Jugendf\u00f6rderung der Samtgemeinde Eltern rund um das Thema Erziehung unterst\u00fctzen. Auch 2026 gibt es neben Informationsabenden f\u00fcr Eltern Angebote, an denen Eltern gemeinsam mit ihren Kindern teilnehmen.<\/p>\n<p>Weiterlesen nach der Anzeige<\/p>\n<p>Weiterlesen nach der Anzeige<\/p>\n<p>Gemeinsam kreativ<\/p>\n<p class=\"Textstyled__Text-sc-1cqv9mi-0 dKgfuR\">Beim \u201eEltern-Kind-Aquarellmalen\u201c gilt es, gemeinsam kreativ zu werden: Die Veranstaltung richtet sich an Kinder ab acht Jahren und ihre Eltern und findet am Samstag, 7. Februar, von 10 bis 12.30 Uhr im Untergeschoss des Rathauses Meine statt. Der Kursus wird geleitet von Sozialp\u00e4dagogin Jana Roggenk\u00e4mper und kostet 10 Euro pro Person.<\/p>\n<p>Wut, Trotz und starke Gef\u00fchle<\/p>\n<p class=\"Textstyled__Text-sc-1cqv9mi-0 dKgfuR\">Um \u201eWut, Trotz und starke Gef\u00fchle\u201c geht es bei der Zoom-Konferenz am Donnerstag, 19. Februar, von 19 bis 21 Uhr. Sozialp\u00e4dagogin Sibylle Patriarca gibt wertvolle Tipps, wie Eltern mit der kindlichen Entwicklungsphase umgehen, in der Kinder ihren eigenen Willen entdecken.<\/p>\n<p>Weiterlesen nach der Anzeige<\/p>\n<p>Weiterlesen nach der Anzeige<\/p>\n<p>Lernen unterst\u00fctzen<\/p>\n<p class=\"Textstyled__Text-sc-1cqv9mi-0 dKgfuR\">Eltern von Schulkindern sind angesprochen bei der Zoom-Konferenz \u201eLernen unterst\u00fctzen\u201d am Mittwoch, 18. M\u00e4rz, von 19 bis 21 Uhr: Lerncoach Dr. Martina Moog geht gezielt darauf ein, wie Eltern ihre Kinder im Schulalltag begleiten k\u00f6nnen, ohne st\u00e4ndig zu ermahnen. Der Vortrag verbindet fundiertes Wissen mit praktischen Anregungen f\u00fcr den Alltag. <\/p>\n<p>Bed\u00fcrfnisorientiert \u2013 und trotzdem klar<\/p>\n<p class=\"Textstyled__Text-sc-1cqv9mi-0 dKgfuR\">\u201eBed\u00fcrfnisorientiert \u2013 und trotzdem klar&#8220; hei\u00dft es am Donnerstag, 23. April, von 19 bis 21 Uhr: Familienberaterin Silke Lemann gibt Tipps insbesondere in herausfordernden Phasen wie der kindlichen Autonomiephase, beim Schuleintritt oder in der Pubert\u00e4t \u2013 in denen viele Eltern an ihre Grenzen kommen. Dabei brauchen Kinder vor allem eines: Halt, Klarheit und Orientierung. <\/p>\n<p>Kinder st\u00e4rken in stressigen Zeiten<\/p>\n<p class=\"Textstyled__Text-sc-1cqv9mi-0 dKgfuR\">\u201eLeistungsdruck und Panik: Kinder st\u00e4rken in stressigen Zeiten\u201c hei\u00dft es am Mittwoch, 20. Mai, von 19 bis 21 Uhr: Coach Pia Oelze erkl\u00e4rt in ihrem Vortrag, wie Leistungsdruck entsteht. Praktische \u00dcbungen unterst\u00fctzen dabei, \u00c4ngste fr\u00fchzeitig zu mindern, Panikattacken vorzubeugen und dem Kind Sicherheit zu geben. <\/p>\n<p>Weiterlesen nach der Anzeige<\/p>\n<p>Weiterlesen nach der Anzeige<\/p>\n<p>B\u00e4h, das mag ich nicht!<\/p>\n<p class=\"Textstyled__Text-sc-1cqv9mi-0 dKgfuR\">Ern\u00e4hrungswissenschaftlerin Brinja Hoffmann gibt Tipps f\u00fcr entspannte Mahlzeiten bei der Zoom-Konferenz \u201eB\u00e4h, das mag ich nicht! &#8211; wenn das Gehirn anders is(s)t\u201c am Donnerstag, 4. Juni, von 19 bis 21 Uhr. Kinder erleben Essen oft intensiver, denn bei ADHS, Autismus oder sensorischen Besonderheiten steuert das Gehirn Hunger und S\u00e4ttigung auf eigene Weise. Eltern erfahren in diesem Impuls-Vortrag, warum Sicherheit, Struktur und Rituale wichtiger sind als \u201enoch ein Bissen\u201c.<\/p>\n<p>Die Kunst des Nein-Sagens<\/p>\n<p class=\"Textstyled__Text-sc-1cqv9mi-0 dKgfuR\">Um Selbstf\u00fcrsorge im Familienalltag dreht sich die Zoom-Konferenz \u201eDie Kunst des Nein-Sagens\u201c am Donnerstag, 8. Oktober, von 19 bis 21 Uhr. Referentin Katrin Sieg-Pany erkl\u00e4rt in ihrem Vortrag, wie eng Nein sagen und Selbstf\u00fcrsorge miteinander verbunden sind und gibt praxisnahe Tipps, die im Familienalltag f\u00fcr mehr Entlastung, Selbstf\u00fcrsorge und harmonische Momente mit den Kindern sorgen. <\/p>\n<p>Wenn das Leben stolpert<\/p>\n<p class=\"Textstyled__Text-sc-1cqv9mi-0 dKgfuR\">\u201eWenn das Leben stolpert \u2013 Kinder in schwierigen Momenten begleiten&#8220; hei\u00dft die Zoom-Konferenz am Donnerstag, 12. November, von 19 bis 21 Uhr. Julia Kotulla (Fachwirtin f\u00fcr Kitaeinrichtungen) gibt Anregungen, wie Eltern ihr Kind in herausfordernden Situationen liebevoll unterst\u00fctzen, Trost spenden und ihm gleichzeitig Mut machen k\u00f6nnen. <\/p>\n<p>Weiterlesen nach der Anzeige<\/p>\n<p>Weiterlesen nach der Anzeige<\/p>\n<p>Papenteicher Weihnachtswerkstatt<\/p>\n<p class=\"Textstyled__Text-sc-1cqv9mi-0 dKgfuR\">Am Samstag, 21. November, von 15 bis 17.30 Uhr gibt es im Untergeschoss des Rathauses Meine eine Familienzeit in der Papenteicher Weihnachtswerkstatt: Kinder ab acht Jahren werden gemeinsam mit ihren Eltern kreativ und gestalten einzigartige Weihnachtsdekoration aus Naturmaterialien. Der Workshop kostet 18 Euro pro Person.<\/p>\n<p class=\"Textstyled__Text-sc-1cqv9mi-0 dKgfuR\">Die Teilnahme an s\u00e4mtlichen Zoom-Konferenzen kostet jeweils 5 Euro. Interessierte k\u00f6nnen sich \u00fcber das Onlineportal <a href=\"\" rel=\"\" title=\"\" data-vars-event-category=\"intext_link\" data-vars-event-action=\"click\" data-vars-event-label=\"\">www.unser-<\/a> <a href=\"\" rel=\"\" title=\"\" data-vars-event-category=\"intext_link\" data-vars-event-action=\"click\" data-vars-event-label=\"\">ferienprogramm.de\/papenteich<\/a> oder direkt im Rathaus Meine anmelden. Weitere Infos \u00fcber das PEP gibt es online unter <a href=\"https:\/\/www.papenteich.de\/\" target=\"_self\" rel=\"noopener\" title=\"https:\/\/www.papenteich.de\/\" data-vars-event-category=\"intext_link\" data-vars-event-action=\"click\" data-vars-event-label=\"https:\/\/www.papenteich.de\/\">www.papenteich.de<\/a>.<\/p>\n<p class=\"Editorialstyled__Editorial-sc-1bfvh9l-0 cSmjnJ\">AZ\/WAZ<\/p>\n","protected":false},"excerpt":{"rendered":"Papenteich. Mit der Veranstaltungsreihe Papenteicher Elternprogramm (PEP) 2026 m\u00f6chte die Jugendf\u00f6rderung der Samtgemeinde Eltern rund um das Thema&hellip;\n","protected":false},"author":2,"featured_media":719762,"comment_status":"","ping_status":"","sticky":false,"template":"","format":"standard","meta":{"footnotes":""},"categories":[1850],"tags":[6429,3364,29,548,663,3934,30,13,14,15,1411,12],"class_list":{"0":"post-719761","1":"post","2":"type-post","3":"status-publish","4":"format-standard","5":"has-post-thumbnail","7":"category-braunschweig","8":"tag-braunschweig","9":"tag-de","10":"tag-deutschland","11":"tag-eu","12":"tag-europa","13":"tag-europe","14":"tag-germany","15":"tag-headlines","16":"tag-nachrichten","17":"tag-news","18":"tag-niedersachsen","19":"tag-schlagzeilen"},"share_on_mastodon":{"url":"https:\/\/pubeurope.com\/@de\/115898202466573206","error":""},"_links":{"self":[{"href":"https:\/\/www.europesays.com\/de\/wp-json\/wp\/v2\/posts\/719761","targetHints":{"allow":["GET"]}}],"collection":[{"href":"https:\/\/www.europesays.com\/de\/wp-json\/wp\/v2\/posts"}],"about":[{"href":"https:\/\/www.europesays.com\/de\/wp-json\/wp\/v2\/types\/post"}],"author":[{"embeddable":true,"href":"https:\/\/www.europesays.com\/de\/wp-json\/wp\/v2\/users\/2"}],"replies":[{"embeddable":true,"href":"https:\/\/www.europesays.com\/de\/wp-json\/wp\/v2\/comments?post=719761"}],"version-history":[{"count":0,"href":"https:\/\/www.europesays.com\/de\/wp-json\/wp\/v2\/posts\/719761\/revisions"}],"wp:featuredmedia":[{"embeddable":true,"href":"https:\/\/www.europesays.com\/de\/wp-json\/wp\/v2\/media\/719762"}],"wp:attachment":[{"href":"https:\/\/www.europesays.com\/de\/wp-json\/wp\/v2\/media?parent=719761"}],"wp:term":[{"taxonomy":"category","embeddable":true,"href":"https:\/\/www.europesays.com\/de\/wp-json\/wp\/v2\/categories?post=719761"},{"taxonomy":"post_tag","embeddable":true,"href":"https:\/\/www.europesays.com\/de\/wp-json\/wp\/v2\/tags?post=719761"}],"curies":[{"name":"wp","href":"https:\/\/api.w.org\/{rel}","templated":true}]}}