{"id":719766,"date":"2026-01-15T08:38:09","date_gmt":"2026-01-15T08:38:09","guid":{"rendered":"https:\/\/www.europesays.com\/de\/719766\/"},"modified":"2026-01-15T08:38:09","modified_gmt":"2026-01-15T08:38:09","slug":"hightech-fluege-liefern-blick-in-wiesbadens-zukunft","status":"publish","type":"post","link":"https:\/\/www.europesays.com\/de\/719766\/","title":{"rendered":"Hightech-Fl\u00fcge liefern Blick in Wiesbadens Zukunft"},"content":{"rendered":"<p>Aktuelle Luftbilder und Laserscandaten sollen in den kommenden Wochen ein pr\u00e4zises digitales Abbild Wiesbadens liefern. Das Tiefbau- und Vermessungsamt der Landeshauptstadt l\u00e4sst das gesamte Stadtgebiet erneut aus der Luft erfassen.<\/p>\n<p>Die Daten dienen als Grundlage f\u00fcr Stadtplanung, Umweltfragen und die Arbeit des Katasters. Sie stehen sp\u00e4ter sowohl den st\u00e4dtischen Stellen als auch der \u00d6ffentlichkeit zur Verf\u00fcgung, unter anderem \u00fcber den Digitalen Zwilling.<\/p>\n<p>Digitale Stadtansichten f\u00fcr alle<\/p>\n<p>Der Digitale Zwilling kann \u00fcber die st\u00e4dtische Homepage abgerufen werden. Die neuen Luftaufnahmen entstehen aus senkrechten und schr\u00e4gen Blickwinkeln in alle Himmelsrichtungen.<\/p>\n<p>Dadurch lassen sich Ver\u00e4nderungen im Stadtgebiet realit\u00e4tsnah nachvollziehen, ohne dass daf\u00fcr zus\u00e4tzliche Au\u00dfentermine notwendig sind.<\/p>\n<p>Laserscans f\u00fcr H\u00f6hen- und Oberfl\u00e4chenmodelle<\/p>\n<p>Parallel zu den Luftbildern wird ein Laserscanner eingesetzt, der das Gel\u00e4nde mit einem Lasersignal abtastet. Aus den entstehenden Punktwolken entstehen dreidimensionale Modelle, die etwa f\u00fcr Hochwasserschutz, Sichtanalysen oder 3-D-Visualisierungen in der Stadtplanung genutzt werden.<\/p>\n<p>Fl\u00fcge bis 2026 geplant<\/p>\n<p>Die Befliegungen sollen, abh\u00e4ngig von Wetter, Schnee- und Eisfreiheit,\u00a0 bis April 2026 andauern. Die n\u00e4chtlichen Laserscanfl\u00fcge finden in Abstimmung mit der Deutschen Flugsicherung zwischen 23:00 und 5:00 Uhr in rund 550 Metern H\u00f6he statt.<\/p>\n<p>Aufgrund der N\u00e4he zum Flughafen Frankfurt sind diese technischen \u00dcberpr\u00fcfungsfl\u00fcge auch w\u00e4hrend des Nachtflugverbots erlaubt. Die Luftbildaufnahmen erfolgen tags\u00fcber in etwa 1600 Metern H\u00f6he. Wiesbadens H\u00f6henlage reicht vom Rheinufer mit 83 Metern bis zum Taunuskamm mit 608 Metern.<\/p>\n<p>M\u00f6glicher Flugl\u00e4rm in Sch\u00f6nwetterphasen<\/p>\n<p>W\u00e4hrend der n\u00e4chsten geeigneten Wetterperiode kann es vereinzelt zu leichtem Flugl\u00e4rm kommen. Das Tiefbau- und Vermessungsamt bittet alle B\u00fcrgerinnen und B\u00fcrger um Verst\u00e4ndnis.<\/p>\n<p>P.S.: Sind Sie bei Facebook? Dann werden Sie Fan von <a href=\"https:\/\/www.facebook.com\/wiesbadenaktuell\" target=\"_blank\" rel=\"noopener\">Wiesbadenaktuell.de<\/a> und folgen Sie uns auch auf <a href=\"https:\/\/www.instagram.com\/wiesbadenaktuell.de\/\" target=\"_blank\" rel=\"noopener\">Instagram<\/a> sowie auf <a href=\"https:\/\/www.threads.net\/@wiesbadenaktuell.de\" target=\"_blank\" rel=\"noopener\">Threads<\/a>!<\/p>\n<p><script async src=\"\/\/www.instagram.com\/embed.js\"><\/script><\/p>\n","protected":false},"excerpt":{"rendered":"Aktuelle Luftbilder und Laserscandaten sollen in den kommenden Wochen ein pr\u00e4zises digitales Abbild Wiesbadens liefern. Das Tiefbau- und&hellip;\n","protected":false},"author":2,"featured_media":719767,"comment_status":"","ping_status":"","sticky":false,"template":"","format":"standard","meta":{"footnotes":""},"categories":[1847],"tags":[3364,29,548,663,3934,30,13,2052,14,15,12,4544],"class_list":{"0":"post-719766","1":"post","2":"type-post","3":"status-publish","4":"format-standard","5":"has-post-thumbnail","7":"category-wiesbaden","8":"tag-de","9":"tag-deutschland","10":"tag-eu","11":"tag-europa","12":"tag-europe","13":"tag-germany","14":"tag-headlines","15":"tag-hessen","16":"tag-nachrichten","17":"tag-news","18":"tag-schlagzeilen","19":"tag-wiesbaden"},"share_on_mastodon":{"url":"https:\/\/pubeurope.com\/@de\/115898214465666727","error":""},"_links":{"self":[{"href":"https:\/\/www.europesays.com\/de\/wp-json\/wp\/v2\/posts\/719766","targetHints":{"allow":["GET"]}}],"collection":[{"href":"https:\/\/www.europesays.com\/de\/wp-json\/wp\/v2\/posts"}],"about":[{"href":"https:\/\/www.europesays.com\/de\/wp-json\/wp\/v2\/types\/post"}],"author":[{"embeddable":true,"href":"https:\/\/www.europesays.com\/de\/wp-json\/wp\/v2\/users\/2"}],"replies":[{"embeddable":true,"href":"https:\/\/www.europesays.com\/de\/wp-json\/wp\/v2\/comments?post=719766"}],"version-history":[{"count":0,"href":"https:\/\/www.europesays.com\/de\/wp-json\/wp\/v2\/posts\/719766\/revisions"}],"wp:featuredmedia":[{"embeddable":true,"href":"https:\/\/www.europesays.com\/de\/wp-json\/wp\/v2\/media\/719767"}],"wp:attachment":[{"href":"https:\/\/www.europesays.com\/de\/wp-json\/wp\/v2\/media?parent=719766"}],"wp:term":[{"taxonomy":"category","embeddable":true,"href":"https:\/\/www.europesays.com\/de\/wp-json\/wp\/v2\/categories?post=719766"},{"taxonomy":"post_tag","embeddable":true,"href":"https:\/\/www.europesays.com\/de\/wp-json\/wp\/v2\/tags?post=719766"}],"curies":[{"name":"wp","href":"https:\/\/api.w.org\/{rel}","templated":true}]}}