{"id":719800,"date":"2026-01-15T08:56:41","date_gmt":"2026-01-15T08:56:41","guid":{"rendered":"https:\/\/www.europesays.com\/de\/719800\/"},"modified":"2026-01-15T08:56:41","modified_gmt":"2026-01-15T08:56:41","slug":"rolf-e-broennimann-wird-vice-president-development-southern-europe-schweiz-bei-grand-metropolitan-hotels-2","status":"publish","type":"post","link":"https:\/\/www.europesays.com\/de\/719800\/","title":{"rendered":"Rolf E. Br\u00f6nnimann wird Vice President Development Southern Europe &#038; Schweiz bei Grand Metropolitan Hotels"},"content":{"rendered":"<p>(openPR) Strategischer Ausbau der Unternehmensentwicklung: Das Unternehmen setzt auf bew\u00e4hrte F\u00fchrungskompetenz und strategische Expertise f\u00fcr nachhaltiges Wachstum.<\/p>\n<p>Grand Metropolitan Hotels gibt bekannt, dass Rolf E. Br\u00f6nnimann ab dem 1. Februar 2026 die Position Vice President Development Southern Europe inklusive der Schweiz \u00fcbernehmen wird und damit in die Hauptverwaltung nach Z\u00fcrich wechselt. Dieser Schritt markiert f\u00fcr die  Hotelgruppe  einen bedeutenden Meilenstein in der Weiterentwicklung der Unternehmensstrategie. <\/p>\n<p>\nIn seiner bisherigen Funktion als General Manager des Wald &amp; Schlosshotels Friedrichsruhe, dessen Hotelberieb im Juli 2024 durch die Grand Metropolitan \u00fcbernommen wurde, hat Rolf E. Br\u00f6nnimann massgeblich dazu beigetragen, das Management in enger und vertrauensvoller Zusammenarbeit mit den Eigent\u00fcmern sowohl f\u00fcr Mitarbeitende als auch f\u00fcr G\u00e4ste nahtlos und positiv zu gestalten. <br \/>\nUnter seiner F\u00fchrung wurde eine wichtige Neuausrichtung angestossen und der Grundstein f\u00fcr eine st\u00e4rkenorientierte, international ausgerichtete Positionierung des Hauses gelegt. Mit seinem reichen Erfahrungsschatz, strategischem Weitblick und hohem pers\u00f6nlichem Engagement hat der Hotelier fr\u00fch die richtigen Impulse f\u00fcr die weitere Entwicklung gesetzt.<br \/>\n&#8222;Mit Rolf E. Br\u00f6nnimann gewinnen wir einen ausgewiesenen Leader f\u00fcr unsere Entwicklungsstrategie in S\u00fcd- und Westeuropa sowie der Schweiz. Er verbindet profunde operative Erfahrung mit Innovationsgeist und strategischer Klarheit &#8211; genau die Eigenschaften, die wir f\u00fcr die n\u00e4chsten Wachstumsphasen von Grand Metropolitan Hotels brauchen&#8220;, erkl\u00e4rt Martin R. Smura, Gr\u00fcnder und Chairman of the Board der Grand Metropolitan Hotels. <\/p>\n<p>Gleichzeitig freut sich  Grand Metropolitan Hotels , die interne Nachfolge f\u00fcr das Wald &amp; Schlosshotel Friedrichsruhe verk\u00fcnden zu d\u00fcrfen: Steffen Eisermann wird zum 1. Februar 2026 die Position des General Managers \u00fcbernehmen. Nach \u00fcber f\u00fcnf Jahren erfolgreicher T\u00e4tigkeit im Parkhotel Bremen bringt der erfahrene Hotelier umfassende internationale Erfahrung aus der Luxus-Hotellerie mit &#8211; unter anderem war er \u00fcber viele Jahre f\u00fcr die Kempinski Hotel Gruppe t\u00e4tig. Steffen Eisermanns Werdegang ist gepr\u00e4gt von der Leitung komplexer Hotelbetriebe, der Umsetzung von Neupositionierungen sowie der Steuerung von Renovierungs- und Entwicklungsprojekten im laufenden Betrieb. Dar\u00fcber hinaus vereint Steffen Eisermann strategischen Weitblick mit operativer Erfahrung und wird das Hotel gezielt weiterentwickeln. Gemeinsam mit dem Team soll der eingeschlagene Weg fortgef\u00fchrt und die starke Position des Wald &amp; Schlosshotels Friedrichsruhe gefestigt werden.<br \/>Die Integration der neuen F\u00fchrungsebene steht beispielhaft f\u00fcr die Wachstumsstrategie von Grand Metropolitan Hotels &#8211; personell wie strukturell zukunftsorientiert, nachhaltig gedacht und auf langfristigen Erfolg ausgelegt. Das Unternehmen st\u00e4rkt mit dieser strategischen Neuaufstellung seine Position im europ\u00e4ischen Hotelmarkt und setzt dabei weiterhin auf Werte wie Professionalit\u00e4t, Verantwortung, Mitarbeiterentwicklung sowie exzellente G\u00e4stebetreuung.<\/p>\n<p>Foto: Rolf E. Br\u00f6nnimann. Fotoquelle: Rebecca Conte.<\/p>\n<p><strong>Disclaimer:<\/strong> F\u00fcr den obigen Pressetext inkl. etwaiger Bilder\/ Videos ist ausschlie\u00dflich der im Text angegebene Kontakt verantwortlich. Der Webseitenanbieter distanziert sich ausdr\u00fccklich von den Inhalten Dritter und macht sich diese nicht zu eigen. Wenn Sie die obigen Informationen redaktionell nutzen m\u00f6chten, so wenden Sie sich bitte an den obigen Pressekontakt. Bei einer Ver\u00f6ffentlichung bitten wir um ein Belegexemplar oder Quellenennung der URL.<\/p>\n","protected":false},"excerpt":{"rendered":"(openPR) Strategischer Ausbau der Unternehmensentwicklung: Das Unternehmen setzt auf bew\u00e4hrte F\u00fchrungskompetenz und strategische Expertise f\u00fcr nachhaltiges Wachstum. Grand&hellip;\n","protected":false},"author":2,"featured_media":719801,"comment_status":"","ping_status":"","sticky":false,"template":"","format":"standard","meta":{"footnotes":""},"categories":[3933],"tags":[331,332,14075,2420,165609,548,663,158,3934,3935,6750,13,1029,1030,14,15,12,173,33845],"class_list":{"0":"post-719800","1":"post","2":"type-post","3":"status-publish","4":"format-standard","5":"has-post-thumbnail","7":"category-eu","8":"tag-aktuelle-nachrichten","9":"tag-aktuelle-news","10":"tag-betrieb","11":"tag-bremen","12":"tag-chairman","13":"tag-eu","14":"tag-europa","15":"tag-europaeische-union","16":"tag-europe","17":"tag-european-union","18":"tag-fuehrung","19":"tag-headlines","20":"tag-management","21":"tag-manager","22":"tag-nachrichten","23":"tag-news","24":"tag-schlagzeilen","25":"tag-unternehmen","26":"tag-wert"},"share_on_mastodon":{"url":"https:\/\/pubeurope.com\/@de\/115898287018265321","error":""},"_links":{"self":[{"href":"https:\/\/www.europesays.com\/de\/wp-json\/wp\/v2\/posts\/719800","targetHints":{"allow":["GET"]}}],"collection":[{"href":"https:\/\/www.europesays.com\/de\/wp-json\/wp\/v2\/posts"}],"about":[{"href":"https:\/\/www.europesays.com\/de\/wp-json\/wp\/v2\/types\/post"}],"author":[{"embeddable":true,"href":"https:\/\/www.europesays.com\/de\/wp-json\/wp\/v2\/users\/2"}],"replies":[{"embeddable":true,"href":"https:\/\/www.europesays.com\/de\/wp-json\/wp\/v2\/comments?post=719800"}],"version-history":[{"count":0,"href":"https:\/\/www.europesays.com\/de\/wp-json\/wp\/v2\/posts\/719800\/revisions"}],"wp:featuredmedia":[{"embeddable":true,"href":"https:\/\/www.europesays.com\/de\/wp-json\/wp\/v2\/media\/719801"}],"wp:attachment":[{"href":"https:\/\/www.europesays.com\/de\/wp-json\/wp\/v2\/media?parent=719800"}],"wp:term":[{"taxonomy":"category","embeddable":true,"href":"https:\/\/www.europesays.com\/de\/wp-json\/wp\/v2\/categories?post=719800"},{"taxonomy":"post_tag","embeddable":true,"href":"https:\/\/www.europesays.com\/de\/wp-json\/wp\/v2\/tags?post=719800"}],"curies":[{"name":"wp","href":"https:\/\/api.w.org\/{rel}","templated":true}]}}