{"id":719999,"date":"2026-01-15T10:51:13","date_gmt":"2026-01-15T10:51:13","guid":{"rendered":"https:\/\/www.europesays.com\/de\/719999\/"},"modified":"2026-01-15T10:51:13","modified_gmt":"2026-01-15T10:51:13","slug":"koeln-hinkt-beim-fuehrerschein-umtausch-hinterher-hunderttausende-betroffen","status":"publish","type":"post","link":"https:\/\/www.europesays.com\/de\/719999\/","title":{"rendered":"K\u00f6ln hinkt beim F\u00fchrerschein-Umtausch hinterher \u2013 Hunderttausende betroffen"},"content":{"rendered":"<p class=\"dm-paragraph my-8 dm-article-content-width\" index=\"0\" should-collapse-on-mobile=\"true\" has-padding=\"\" data-v-586984a4=\"\">In <a href=\"https:\/\/www.ksta.de\/koeln\" target=\"_blank\" rel=\"noopener\">K\u00f6ln<\/a> l\u00e4uft die Uhr f\u00fcr tausende Autofahrerinnen und Autofahrer: Am 19. Januar 2026 (Montag) endet die Umtauschfrist f\u00fcr F\u00fchrerscheine, die zwischen 1999 und 2001 ausgestellt wurden.<\/p>\n<p class=\"dm-paragraph my-8 dm-article-content-width\" index=\"1\" should-collapse-on-mobile=\"true\" has-padding=\"\" data-v-586984a4=\"\">Der Umtausch ist kein freiwilliger Service, sondern gesetzlich vorgeschrieben. Hintergrund ist eine EU-Richtlinie, die seit 2013 ein einheitliches und f\u00e4lschungssicheres F\u00fchrerscheindokument vorschreibt. Bis sp\u00e4testens 2033 m\u00fcssen alle vor 2013 ausgestellten F\u00fchrerscheine ersetzt sein \u2013 gestaffelt nach Geburts- oder Ausstellungsjahr.<\/p>\n<p>Wer zu sp\u00e4t kommt, wird im Ernstfall zur Kasse gebeten<\/p>\n<p class=\"dm-paragraph my-8 dm-article-content-width\" index=\"3\" should-collapse-on-mobile=\"true\" has-padding=\"\" data-v-586984a4=\"\">Ein Blick auf die Zahlen zeigt: In K\u00f6ln ist noch viel zu tun. Seit Beginn der Umtauschaktion im Jahr 2022 wurden laut Stadt 85.865 F\u00fchrerscheine ersetzt (Stand: 8. Januar 2025). Rechnerisch m\u00fcssten es rund 233.900 sein.<\/p>\n<p class=\"dm-paragraph my-8 dm-article-content-width\" index=\"5\" should-collapse-on-mobile=\"true\" has-padding=\"\" data-v-586984a4=\"\">Die Stadt relativiert diese L\u00fccke jedoch ein wenig. Die Statistik bilde nicht die vollst\u00e4ndige Realit\u00e4t ab, etwa wegen Umz\u00fcgen oder Namens\u00e4nderungen, die nicht mit dem F\u00fchrerschein verkn\u00fcpft seien. Eine genaue Auswertung sei \u201edatenschutzrechtlich nicht zul\u00e4ssig\u201c. Trotzdem wird klar: Viele K\u00f6lner haben den Umtausch bislang aufgeschoben \u2013 oder schlicht vergessen.<\/p>\n<p>Den Antrag kann man online oder im Kundenzentrum stellen<\/p>\n<p class=\"dm-paragraph my-8 dm-article-content-width\" index=\"7\" should-collapse-on-mobile=\"true\" has-padding=\"\" data-v-586984a4=\"\">Wer nach Ablauf seiner Frist weiter mit dem alten F\u00fchrerschein unterwegs ist, begeht zwar keine Straftat, muss aber mit einem Verwarngeld von zehn Euro rechnen. Vor allem bei Verkehrskontrollen kann das schnell auffallen.<\/p>\n<p class=\"dm-paragraph my-8 dm-article-content-width\" index=\"8\" should-collapse-on-mobile=\"true\" has-padding=\"\" data-v-586984a4=\"\">Offizielle Stellen raten deshalb dringend, nicht bis zum letzten Moment zu warten. \u201eDie Stadt empfiehlt, sich fr\u00fchzeitig im Jahr vorm Fristablauf um den Umtausch zu k\u00fcmmern\u201c, hei\u00dft es aus der Pressestelle. Ein weiterer Punkt: Die neuen EU-F\u00fchrerscheine sind nur noch 15 Jahre g\u00fcltig. Wer sehr fr\u00fch umtauscht, muss also auch fr\u00fcher wieder ran.<\/p>\n<p><a href=\"https:\/\/www.ksta.de\/koeln\/digitalisierung-der-verwaltung-stadt-koeln-buendelt-ihre-online-moeglichen-dienstleistungen-1020566\" class=\"dm-imagefeat__imagecontainer dm-imagefeat relative\" aria-label=\"\" tabindex=\"-1\" data-v-68e13160=\"\" target=\"_blank\" rel=\"noopener\"><img decoding=\"async\" width=\"4000\" height=\"2661\" alt=\"Das Kundenzentrum der Stadt K\u00f6ln auf dem Laurenzplatz in der K\u00f6lner Innenstadt. (Archivbild)\" loading=\"lazy\" onerror=\"this.setAttribute('data-error', 1)\" class=\"dm-imagefeat__image w-full aspect-square sm:aspect-auto aspect-video\" style=\"aspect-ratio:1;\" data-nuxt-pic=\"\" src=\"https:\/\/www.europesays.com\/de\/wp-content\/uploads\/2026\/01\/b8a85a72-e3d1-4832-8572-e94c6c521409.jpeg\"  \/><\/a><\/p>\n<p class=\"dm-paragraph my-8 dm-article-content-width\" index=\"10\" should-collapse-on-mobile=\"true\" has-padding=\"\" data-v-586984a4=\"\">Der Umtausch ist in K\u00f6ln sowohl per <a href=\"https:\/\/www.stadt-koeln.de\/service\/produkte\/00031\/index.html\" target=\"_blank\" rel=\"noopener\">Online-Antrag<\/a> als auch pers\u00f6nlich in den Kundenzentren m\u00f6glich. Dort sind aber derzeit <a href=\"https:\/\/termine.stadt-koeln.de\/m\/kundenzentren\/extern\/calendar\/index?uid=e21cb479-b362-4475-8aad-0e2a9b5ebd9c&amp;wsid=3c0c3fde-1698-4bc0-99bb-07b046d862db&amp;lang=de&amp;set_lang_ui=de&amp;step_goto=0&amp;rev=wJyPJ#top\" target=\"_blank\" rel=\"noopener\">keine Termine<\/a> mehr verf\u00fcgbar. Mit Blick auf die anstehende Frist ist der Andrang sp\u00fcrbar gestiegen. Aus dem Rhein-Sieg-Kreis hei\u00dft es bereits: \u201eKurz vor dem diesj\u00e4hrigen Stichtag zum F\u00fchrerschein-Umtausch wird unser Stra\u00dfenverkehrsamt von entsprechenden Antr\u00e4gen regelrecht geflutet \u2013 das Terminkontingent ist bis auf Weiteres ersch\u00f6pft.\u201c<\/p>\n","protected":false},"excerpt":{"rendered":"In K\u00f6ln l\u00e4uft die Uhr f\u00fcr tausende Autofahrerinnen und Autofahrer: Am 19. Januar 2026 (Montag) endet die Umtauschfrist&hellip;\n","protected":false},"author":2,"featured_media":720000,"comment_status":"","ping_status":"","sticky":false,"template":"","format":"standard","meta":{"footnotes":""},"categories":[1828],"tags":[29,30,1420,1209],"class_list":{"0":"post-719999","1":"post","2":"type-post","3":"status-publish","4":"format-standard","5":"has-post-thumbnail","7":"category-koeln","8":"tag-deutschland","9":"tag-germany","10":"tag-koeln","11":"tag-nordrhein-westfalen"},"share_on_mastodon":{"url":"https:\/\/pubeurope.com\/@de\/115898737294729603","error":""},"_links":{"self":[{"href":"https:\/\/www.europesays.com\/de\/wp-json\/wp\/v2\/posts\/719999","targetHints":{"allow":["GET"]}}],"collection":[{"href":"https:\/\/www.europesays.com\/de\/wp-json\/wp\/v2\/posts"}],"about":[{"href":"https:\/\/www.europesays.com\/de\/wp-json\/wp\/v2\/types\/post"}],"author":[{"embeddable":true,"href":"https:\/\/www.europesays.com\/de\/wp-json\/wp\/v2\/users\/2"}],"replies":[{"embeddable":true,"href":"https:\/\/www.europesays.com\/de\/wp-json\/wp\/v2\/comments?post=719999"}],"version-history":[{"count":0,"href":"https:\/\/www.europesays.com\/de\/wp-json\/wp\/v2\/posts\/719999\/revisions"}],"wp:featuredmedia":[{"embeddable":true,"href":"https:\/\/www.europesays.com\/de\/wp-json\/wp\/v2\/media\/720000"}],"wp:attachment":[{"href":"https:\/\/www.europesays.com\/de\/wp-json\/wp\/v2\/media?parent=719999"}],"wp:term":[{"taxonomy":"category","embeddable":true,"href":"https:\/\/www.europesays.com\/de\/wp-json\/wp\/v2\/categories?post=719999"},{"taxonomy":"post_tag","embeddable":true,"href":"https:\/\/www.europesays.com\/de\/wp-json\/wp\/v2\/tags?post=719999"}],"curies":[{"name":"wp","href":"https:\/\/api.w.org\/{rel}","templated":true}]}}