{"id":720875,"date":"2026-01-15T18:41:14","date_gmt":"2026-01-15T18:41:14","guid":{"rendered":"https:\/\/www.europesays.com\/de\/720875\/"},"modified":"2026-01-15T18:41:14","modified_gmt":"2026-01-15T18:41:14","slug":"dynamo-dresdens-coach-stamm-fordert-viel-selbstvertrauen-und-mut","status":"publish","type":"post","link":"https:\/\/www.europesays.com\/de\/720875\/","title":{"rendered":"Dynamo Dresdens Coach Stamm fordert &#8222;viel Selbstvertrauen und Mut&#8220;"},"content":{"rendered":"<p class=\"text\">\nPersonell hat sich Stamm noch nicht auf eine Startformation f\u00fcr den R\u00fcckrundenauftakt festgelegt. Mit den Neuzug\u00e4ngen sei man &#8222;nochmal einen Tick breiter aufgestellt&#8220;, erkl\u00e4rte der 42-J\u00e4hrige. In der Winterpause holte sich Dynamo Dresden bisher f\u00fcnf neue Spieler in den Kader. W\u00e4hrend <a href=\"https:\/\/www.mdr.de\/sport\/fussball_2bl\/zweite-bundesliga-dynamo-dresden-elias-bethke-100.html\" title=\"Dynamo Dresden lotst Keeper Bethke von Cottbus an die Elbe\" rel=\"nofollow noopener\" target=\"_blank\">Torh\u00fcter Elias Bethke<\/a> von Drittliga-Spitzenreiter Energie Cottbus fest verpflichtet wurde, sind die Feldspieler <a href=\"https:\/\/www.mdr.de\/sport\/fussball_2bl\/dynamo-dresden-jonas-sterner-thomas-keller-wagner-leihe-100.html\" title=\"Trio f\u00fcr Dynamo Dresden: Jonas Sterner, Thomas Keller und Robert Wagner kommen\" rel=\"nofollow noopener\" target=\"_blank\">Robert Wagner, Thomas Keller, Jonas Sterner<\/a> und <a href=\"https:\/\/www.mdr.de\/sport\/fussball_2bl\/dynamo-dresden-leihe-ex-fc-magdeburg-jason-ceka-100.html\" title=\"2. Liga: Dynamo Dresden holt sich Ex-FCM-Angreifer Ceka\" rel=\"nofollow noopener\" target=\"_blank\">Jason Ceka<\/a> zun\u00e4chst mit Leihvertr\u00e4gen ausgestattet.<\/p>\n<p>Wer von diesen nun bereits am Samstag von Beginn an spielen wird, lie\u00df der SGD-Coach bewusst offen. Die Testspiele im Wintertrainingslager gegen den FC Aarau (<a href=\"https:\/\/www.mdr.de\/sport\/fussball_2bl\/testspiele-fcm-winterthur-dynamo-aarau-100.html\" title=\"Testspiele: Dynamo Dresden dreht Spiel gegen Aarau - FCM jubelt dank Zukowski sp\u00e4t\" rel=\"nofollow noopener\" target=\"_blank\">3:2<\/a>) und Rot-Weiss Essen (1:1) h\u00e4tten aber wichtige Hinweise gegeben. Auch auf seine Nummer eins nach der schweren Knieverletzung von <a href=\"https:\/\/www.mdr.de\/sport\/fussball_2bl\/zweite-bundesliga-sg-dynamo-dresden-torwart-grill-verletzung-100.html\" title=\"Dynamo Dresden: Torwart Grill f\u00e4llt monatelang aus\" rel=\"nofollow noopener\" target=\"_blank\">Lennart Grill<\/a> wollte er sich zwei Tage vor dem Spiel \u00f6ffentlich noch nicht festlegen. Klar ist, dass Nils Fr\u00f6hling, Jonas Oehmichen und Jakob Zickler wegen Krankheit ausfallen, ebenfalls nicht dabei ist Jan-Hendrik Marx wegen Trainingsr\u00fcckstands nach seiner Verletzung.<\/p>\n","protected":false},"excerpt":{"rendered":"Personell hat sich Stamm noch nicht auf eine Startformation f\u00fcr den R\u00fcckrundenauftakt festgelegt. Mit den Neuzug\u00e4ngen sei man&hellip;\n","protected":false},"author":2,"featured_media":720876,"comment_status":"","ping_status":"","sticky":false,"template":"","format":"standard","meta":{"footnotes":"","_share_on_mastodon":"0"},"categories":[1835],"tags":[621,3364,29,2386,5406,3766,4347,347,30,45898,148952,81,859,5405,3499,3498,71557,8720],"class_list":["post-720875","post","type-post","status-publish","format-standard","has-post-thumbnail","category-dresden","tag-2-bundesliga","tag-de","tag-deutschland","tag-dresden","tag-dynamo","tag-dynamo-dresden","tag-fuerth","tag-fussball","tag-germany","tag-greuther-fuerth","tag-heiko-vogel","tag-mdr","tag-sachsen","tag-sgd","tag-spio","tag-sport-im-osten","tag-spvgg","tag-thomas-stamm"],"share_on_mastodon":{"url":"https:\/\/pubeurope.com\/@de\/115900585399774847","error":""},"_links":{"self":[{"href":"https:\/\/www.europesays.com\/de\/wp-json\/wp\/v2\/posts\/720875","targetHints":{"allow":["GET"]}}],"collection":[{"href":"https:\/\/www.europesays.com\/de\/wp-json\/wp\/v2\/posts"}],"about":[{"href":"https:\/\/www.europesays.com\/de\/wp-json\/wp\/v2\/types\/post"}],"author":[{"embeddable":true,"href":"https:\/\/www.europesays.com\/de\/wp-json\/wp\/v2\/users\/2"}],"replies":[{"embeddable":true,"href":"https:\/\/www.europesays.com\/de\/wp-json\/wp\/v2\/comments?post=720875"}],"version-history":[{"count":0,"href":"https:\/\/www.europesays.com\/de\/wp-json\/wp\/v2\/posts\/720875\/revisions"}],"wp:featuredmedia":[{"embeddable":true,"href":"https:\/\/www.europesays.com\/de\/wp-json\/wp\/v2\/media\/720876"}],"wp:attachment":[{"href":"https:\/\/www.europesays.com\/de\/wp-json\/wp\/v2\/media?parent=720875"}],"wp:term":[{"taxonomy":"category","embeddable":true,"href":"https:\/\/www.europesays.com\/de\/wp-json\/wp\/v2\/categories?post=720875"},{"taxonomy":"post_tag","embeddable":true,"href":"https:\/\/www.europesays.com\/de\/wp-json\/wp\/v2\/tags?post=720875"}],"curies":[{"name":"wp","href":"https:\/\/api.w.org\/{rel}","templated":true}]}}