{"id":720913,"date":"2026-01-15T19:01:17","date_gmt":"2026-01-15T19:01:17","guid":{"rendered":"https:\/\/www.europesays.com\/de\/720913\/"},"modified":"2026-01-15T19:01:17","modified_gmt":"2026-01-15T19:01:17","slug":"flugkosten-ryanair-straft-hamburg-erneut-ab","status":"publish","type":"post","link":"https:\/\/www.europesays.com\/de\/720913\/","title":{"rendered":"Flugkosten: Ryanair straft Hamburg erneut ab"},"content":{"rendered":"<p>Das Angebot solle im Sommer um 20 Prozent zum Vorjahr reduziert werden, teilte die irische Billiggesellschaft mit. Der Flughafen gibt sich gelassen. Die CDU-Fraktion spricht von einem \u201eAlarmsignal\u201c.<\/p>\n<p class=\"is-first-paragraph\" data-external=\"Article.FirstParagraph\">Die irische Billigfluggesellschaft Ryanair hat abermals angek\u00fcndigt, das Angebot am Hamburger Flughafen zu k\u00fcrzen. Die Kapazit\u00e4t werde im Sommer um ein F\u00fcnftel zum Vorjahr reduziert, teilte Ryanair mit. Die Airline begr\u00fcndete den Schritt mit \u201e\u00fcberh\u00f6hten und wettbewerbsunf\u00e4higen\u201c Geb\u00fchren, die der Airport nicht senken wolle. Welche Fl\u00fcge gestrichen werden, teilte Ryanair auf Nachfrage nicht mit. Das solle im Februar geschehen. <\/p>\n<p>\u201eRyanair hat angek\u00fcndigt, im Sommerflugplan 2026 sechs Fl\u00fcge von und nach Hamburg pro Woche zu streichen\u201c, hie\u00df es von einem Flughafensprecher auf Nachfrage. Insgesamt gebe es im Sommer aber mehr als 2000 w\u00f6chentliche Fl\u00fcge ab Hamburg. Man spreche mit vielen Airlines, die noch an ihren Pl\u00e4nen arbeiteten. <\/p>\n<p>Die oppositionelle CDU-Fraktion sprach von einem weiteren \u201eAlarmsignal\u201c f\u00fcr die Attraktivit\u00e4t des Standorts. \u201eAndere St\u00e4dte arbeiten aktiv daran, neue Fluglinien an ihre Flugh\u00e4fen zu binden, Hamburg hingegen wirkt passiv\u201c, sagte der wirtschaftspolitische Sprecher der CDU-Fraktion, Michael Becken. <\/p>\n<p>Poltern geh\u00f6rt bei Ryanair zum Gesch\u00e4ft <\/p>\n<p>Ryanair droht Flugh\u00e4fen immer wieder \u00f6ffentlich damit, sie k\u00fcnftig weniger anzufliegen, sollten Geb\u00fchren nicht reduziert werden. Schon im Oktober vergangenen Jahres und auch im Oktober 2024 gab die Airline K\u00fcrzungen in Hamburg bekannt. Ryanair hatte in der Vergangenheit keine eigenen Maschinen in Hamburg stationiert. Zum aktuellen Stand konnte eine Sprecherin kurzfristig keine Angabe machen. <\/p>\n<p>Airlines zahlen unterschiedliche Abgaben: etwa die zum Juli sinkende Luftverkehrsteuer, die Flugsicherungsgeb\u00fchr, die Luftsicherheitsgeb\u00fchr und die Flughafenentgelte. \u00dcber die Flughafenentgelte, \u00fcber die sich Ryanair beschwert, finanzieren sich Airports.<\/p>\n<p>lno\/jlau<\/p>\n","protected":false},"excerpt":{"rendered":"Das Angebot solle im Sommer um 20 Prozent zum Vorjahr reduziert werden, teilte die irische Billiggesellschaft mit. Der&hellip;\n","protected":false},"author":2,"featured_media":720914,"comment_status":"","ping_status":"","sticky":false,"template":"","format":"standard","meta":{"footnotes":"","_share_on_mastodon":"0"},"categories":[1826],"tags":[31,7251,29,24910,30,692,8923,1162,7250],"class_list":["post-720913","post","type-post","status-publish","format-standard","has-post-thumbnail","category-hamburg","tag-cdu","tag-dennis-cdu","tag-deutschland","tag-flughafen-hamburg","tag-germany","tag-hamburg","tag-lauterbach-joern","tag-ryanair","tag-thering"],"share_on_mastodon":{"url":"https:\/\/pubeurope.com\/@de\/115900663980702541","error":""},"_links":{"self":[{"href":"https:\/\/www.europesays.com\/de\/wp-json\/wp\/v2\/posts\/720913","targetHints":{"allow":["GET"]}}],"collection":[{"href":"https:\/\/www.europesays.com\/de\/wp-json\/wp\/v2\/posts"}],"about":[{"href":"https:\/\/www.europesays.com\/de\/wp-json\/wp\/v2\/types\/post"}],"author":[{"embeddable":true,"href":"https:\/\/www.europesays.com\/de\/wp-json\/wp\/v2\/users\/2"}],"replies":[{"embeddable":true,"href":"https:\/\/www.europesays.com\/de\/wp-json\/wp\/v2\/comments?post=720913"}],"version-history":[{"count":0,"href":"https:\/\/www.europesays.com\/de\/wp-json\/wp\/v2\/posts\/720913\/revisions"}],"wp:featuredmedia":[{"embeddable":true,"href":"https:\/\/www.europesays.com\/de\/wp-json\/wp\/v2\/media\/720914"}],"wp:attachment":[{"href":"https:\/\/www.europesays.com\/de\/wp-json\/wp\/v2\/media?parent=720913"}],"wp:term":[{"taxonomy":"category","embeddable":true,"href":"https:\/\/www.europesays.com\/de\/wp-json\/wp\/v2\/categories?post=720913"},{"taxonomy":"post_tag","embeddable":true,"href":"https:\/\/www.europesays.com\/de\/wp-json\/wp\/v2\/tags?post=720913"}],"curies":[{"name":"wp","href":"https:\/\/api.w.org\/{rel}","templated":true}]}}