{"id":721001,"date":"2026-01-15T19:48:11","date_gmt":"2026-01-15T19:48:11","guid":{"rendered":"https:\/\/www.europesays.com\/de\/721001\/"},"modified":"2026-01-15T19:48:11","modified_gmt":"2026-01-15T19:48:11","slug":"usa-soldaten-in-europa-beeinflussen-groenland-ziel-nicht","status":"publish","type":"post","link":"https:\/\/www.europesays.com\/de\/721001\/","title":{"rendered":"USA: Soldaten in Europa beeinflussen Gr\u00f6nland-Ziel nicht"},"content":{"rendered":"<p class=\"is-first-paragraph\" data-external=\"Article.FirstParagraph\">Die US-Regierung hat sich im Gr\u00f6nland-Konflikt unbeeindruckt von der milit\u00e4rischen Erkundungsmission mehrerer Nato-Verb\u00fcndeten D\u00e4nemarks auf der Arktisinsel gezeigt. \u00abIch glaube nicht, dass Soldaten in Europa den Entscheidungsprozess des Pr\u00e4sidenten beeinflussen oder dass das irgendeinen Einfluss auf sein Ziel hat, Gr\u00f6nland zu erwerben\u00bb, sagte die Regierungssprecherin von US-Pr\u00e4sident Donald Trump, Karoline Leavitt, vor Journalisten im Wei\u00dfen Haus.<\/p>\n<p>Mehrere Nato-Verb\u00fcndete D\u00e4nemarks senden Soldaten auf die Arktisinsel. Das weitgehend autonome Gr\u00f6nland geh\u00f6rt zum Hoheitsgebiet des Nato-Mitglieds D\u00e4nemark. An der Erkundungsmission beteiligt sich auch die Bundeswehr. Vom Fliegerhorst Wunstorf in Niedersachsen startete am Donnerstag ein Transportflugzeug vom Typ A400M mit Soldaten an Bord. Nach einem Stopp in D\u00e4nemark sollen die Soldaten am Freitag zusammen mit weiteren Partnern mit einem zivilen d\u00e4nischen Flugzeug in Gr\u00f6nland eintreffen.<\/p>\n<p>US-Pr\u00e4sident Trump will Gr\u00f6nland kaufen. Er begr\u00fcndete das wiederholt mit nationalen Sicherheitsinteressen und er warnt vor einer zu starken Pr\u00e4senz Russlands und Chinas in der Arktisregion.<\/p>\n<p>USA: \u00abEs war ein gutes Treffen\u00bb<\/p>\n<p>Ein Krisengespr\u00e4ch zwischen den USA, D\u00e4nemark und Gr\u00f6nland hatte am Mittwoch keine L\u00f6sung im Konflikt um die Besitzanspr\u00fcche der USA gebracht. Dem d\u00e4nischen Au\u00dfenminister Lars L\u00f8kke Rasmussen zufolge offenbarte das Treffen mit US-Au\u00dfenminister Marco Rubio und US-Vizepr\u00e4sident JD Vance \u00abfundamentale\u00bb Meinungsverschiedenheiten. Trump war nicht dabei.<\/p>\n<p>US-Regierungssprecherin Leavitt sprach indes von einem \u00abproduktiven Treffen\u00bb. \u00abEs war ein gutes Treffen.\u00bb Sie sagte weiter, man habe sich darauf geeinigt, eine Arbeitsgruppe einzurichten, die technische Gespr\u00e4che \u00fcber den Kauf Gr\u00f6nlands f\u00fchren solle. Es sei ihr gesagt worden, dass diese Treffen alle zwei bis drei Wochen stattfinden sollen, erg\u00e4nzte Leavitt.<\/p>\n","protected":false},"excerpt":{"rendered":"Die US-Regierung hat sich im Gr\u00f6nland-Konflikt unbeeindruckt von der milit\u00e4rischen Erkundungsmission mehrerer Nato-Verb\u00fcndeten D\u00e4nemarks auf der Arktisinsel gezeigt.&hellip;\n","protected":false},"author":2,"featured_media":721002,"comment_status":"","ping_status":"","sticky":false,"template":"","format":"standard","meta":{"footnotes":""},"categories":[3933],"tags":[331,332,548,663,158,3934,3935,13,14,15,12],"class_list":{"0":"post-721001","1":"post","2":"type-post","3":"status-publish","4":"format-standard","5":"has-post-thumbnail","7":"category-eu","8":"tag-aktuelle-nachrichten","9":"tag-aktuelle-news","10":"tag-eu","11":"tag-europa","12":"tag-europaeische-union","13":"tag-europe","14":"tag-european-union","15":"tag-headlines","16":"tag-nachrichten","17":"tag-news","18":"tag-schlagzeilen"},"share_on_mastodon":{"url":"https:\/\/pubeurope.com\/@de\/115900848859958052","error":""},"_links":{"self":[{"href":"https:\/\/www.europesays.com\/de\/wp-json\/wp\/v2\/posts\/721001","targetHints":{"allow":["GET"]}}],"collection":[{"href":"https:\/\/www.europesays.com\/de\/wp-json\/wp\/v2\/posts"}],"about":[{"href":"https:\/\/www.europesays.com\/de\/wp-json\/wp\/v2\/types\/post"}],"author":[{"embeddable":true,"href":"https:\/\/www.europesays.com\/de\/wp-json\/wp\/v2\/users\/2"}],"replies":[{"embeddable":true,"href":"https:\/\/www.europesays.com\/de\/wp-json\/wp\/v2\/comments?post=721001"}],"version-history":[{"count":0,"href":"https:\/\/www.europesays.com\/de\/wp-json\/wp\/v2\/posts\/721001\/revisions"}],"wp:featuredmedia":[{"embeddable":true,"href":"https:\/\/www.europesays.com\/de\/wp-json\/wp\/v2\/media\/721002"}],"wp:attachment":[{"href":"https:\/\/www.europesays.com\/de\/wp-json\/wp\/v2\/media?parent=721001"}],"wp:term":[{"taxonomy":"category","embeddable":true,"href":"https:\/\/www.europesays.com\/de\/wp-json\/wp\/v2\/categories?post=721001"},{"taxonomy":"post_tag","embeddable":true,"href":"https:\/\/www.europesays.com\/de\/wp-json\/wp\/v2\/tags?post=721001"}],"curies":[{"name":"wp","href":"https:\/\/api.w.org\/{rel}","templated":true}]}}