{"id":721009,"date":"2026-01-15T19:52:13","date_gmt":"2026-01-15T19:52:13","guid":{"rendered":"https:\/\/www.europesays.com\/de\/721009\/"},"modified":"2026-01-15T19:52:13","modified_gmt":"2026-01-15T19:52:13","slug":"eltern-und-sohn-wegen-einbruechen-angeklagt","status":"publish","type":"post","link":"https:\/\/www.europesays.com\/de\/721009\/","title":{"rendered":"Eltern und Sohn wegen Einbr\u00fcchen angeklagt"},"content":{"rendered":"<p>          Prozess in Bonn        Eltern und Sohn sollen in mehrere Wohnungen eingebrochen sein<\/p>\n<p class=\"text-50 desktop:text-70 park-container-small px-6 mb-10 desktop:mb-14\">Rhein-Sieg-Kreis\/Bonn \u00b7 <strong data-cy=\"intro\" data-readtime-content=\"\">Sie sollen in neun Wohnh\u00e4user in der Region eingebrochen sein: Drei Mitglieder einer Familie m\u00fcssen sich derzeit vor der 3. Gro\u00dfen Strafkammer am Bonner Landgericht verantworten. F\u00fcr die Justiz sind sie keine Unbekannten.<\/strong><\/p>\n<p>                <img class=\"absolute inset-0 w-full h-full object-cover aspect-[16\/10] opacity-0 transition-opacity animated\" onload=\"this.style.opacity = '1';\" src=\"https:\/\/www.europesays.com\/de\/wp-content\/uploads\/2026\/01\/w2048_h1313_x1024_y678_DPA_dpa_urn_newsml_dpa.com_20090101_260106-935-1059496-v1-s2048-f58662e1cb4ef.jpeg\"  alt=\"Drei Mitglieder einer Familie m\u00fcssen sich wegen Wohnungseinbr\u00fcchen in mehreren Kommunen vor dem Bonner Landgericht verantworten. (Symbolbild)  \" fetchpriority=\"high\" decoding=\"async\" data-park-image-img=\"\"\/><\/p>\n","protected":false},"excerpt":{"rendered":"Prozess in Bonn Eltern und Sohn sollen in mehrere Wohnungen eingebrochen sein Rhein-Sieg-Kreis\/Bonn \u00b7 Sie sollen in neun&hellip;\n","protected":false},"author":2,"featured_media":721010,"comment_status":"","ping_status":"","sticky":false,"template":"","format":"standard","meta":{"footnotes":""},"categories":[1842],"tags":[1741,3364,29,30,1209],"class_list":{"0":"post-721009","1":"post","2":"type-post","3":"status-publish","4":"format-standard","5":"has-post-thumbnail","7":"category-bonn","8":"tag-bonn","9":"tag-de","10":"tag-deutschland","11":"tag-germany","12":"tag-nordrhein-westfalen"},"share_on_mastodon":{"url":"https:\/\/pubeurope.com\/@de\/115900864606778020","error":""},"_links":{"self":[{"href":"https:\/\/www.europesays.com\/de\/wp-json\/wp\/v2\/posts\/721009","targetHints":{"allow":["GET"]}}],"collection":[{"href":"https:\/\/www.europesays.com\/de\/wp-json\/wp\/v2\/posts"}],"about":[{"href":"https:\/\/www.europesays.com\/de\/wp-json\/wp\/v2\/types\/post"}],"author":[{"embeddable":true,"href":"https:\/\/www.europesays.com\/de\/wp-json\/wp\/v2\/users\/2"}],"replies":[{"embeddable":true,"href":"https:\/\/www.europesays.com\/de\/wp-json\/wp\/v2\/comments?post=721009"}],"version-history":[{"count":0,"href":"https:\/\/www.europesays.com\/de\/wp-json\/wp\/v2\/posts\/721009\/revisions"}],"wp:featuredmedia":[{"embeddable":true,"href":"https:\/\/www.europesays.com\/de\/wp-json\/wp\/v2\/media\/721010"}],"wp:attachment":[{"href":"https:\/\/www.europesays.com\/de\/wp-json\/wp\/v2\/media?parent=721009"}],"wp:term":[{"taxonomy":"category","embeddable":true,"href":"https:\/\/www.europesays.com\/de\/wp-json\/wp\/v2\/categories?post=721009"},{"taxonomy":"post_tag","embeddable":true,"href":"https:\/\/www.europesays.com\/de\/wp-json\/wp\/v2\/tags?post=721009"}],"curies":[{"name":"wp","href":"https:\/\/api.w.org\/{rel}","templated":true}]}}