{"id":721011,"date":"2026-01-15T19:53:14","date_gmt":"2026-01-15T19:53:14","guid":{"rendered":"https:\/\/www.europesays.com\/de\/721011\/"},"modified":"2026-01-15T19:53:14","modified_gmt":"2026-01-15T19:53:14","slug":"soeder-vorstoss-alle-ministerien-von-bonn-nach-berlin","status":"publish","type":"post","link":"https:\/\/www.europesays.com\/de\/721011\/","title":{"rendered":"S\u00f6der-Vorsto\u00df: Alle Ministerien von Bonn nach Berlin"},"content":{"rendered":"<p>          \u00c4rger um Berlin-Bonn-Gesetz        S\u00f6ders Vorsto\u00df gegen Bonn ruft Streeck und Uhlig auf den Plan<\/p>\n<p class=\"text-50 desktop:text-70 park-container-small px-6 mb-10 desktop:mb-14\">Bonn \u00b7 <strong data-cy=\"intro\" data-readtime-content=\"\">Bayerns Ministerpr\u00e4sident Markus S\u00f6der (CSU) fordert, alle Bundesministerien nach Berlin zu verlegen. Das ruft nun die Bonner Bundestagsabgeordneten auf den Plan. So reagieren Hendrik Streeck (CDU) und Katrin Uhlig (Gr\u00fcne).<\/strong><\/p>\n<p>                <img class=\"absolute inset-0 w-full h-full object-cover aspect-[16\/10] opacity-0 transition-opacity animated\" onload=\"this.style.opacity = '1';\" src=\"https:\/\/www.europesays.com\/de\/wp-content\/uploads\/2026\/01\/w2048_h1313_x1024_y682_DPA_dpa_rbk3k7kgky-v14-ax-s2048-09ebee0e14b26f7a.jpeg\"  alt=\" Markus S\u00f6der (CSU), Ministerpr\u00e4sident von Bayern, bei einer Pressekonferenz anl\u00e4sslich der CSU-Winterklausur in Kloster Banz. \" fetchpriority=\"high\" decoding=\"async\" data-park-image-img=\"\"\/><\/p>\n","protected":false},"excerpt":{"rendered":"\u00c4rger um Berlin-Bonn-Gesetz S\u00f6ders Vorsto\u00df gegen Bonn ruft Streeck und Uhlig auf den Plan Bonn \u00b7 Bayerns Ministerpr\u00e4sident&hellip;\n","protected":false},"author":2,"featured_media":721012,"comment_status":"","ping_status":"","sticky":false,"template":"","format":"standard","meta":{"footnotes":""},"categories":[1842],"tags":[1741,3364,29,30,1209],"class_list":{"0":"post-721011","1":"post","2":"type-post","3":"status-publish","4":"format-standard","5":"has-post-thumbnail","7":"category-bonn","8":"tag-bonn","9":"tag-de","10":"tag-deutschland","11":"tag-germany","12":"tag-nordrhein-westfalen"},"share_on_mastodon":{"url":"https:\/\/pubeurope.com\/@de\/115900868566877807","error":""},"_links":{"self":[{"href":"https:\/\/www.europesays.com\/de\/wp-json\/wp\/v2\/posts\/721011","targetHints":{"allow":["GET"]}}],"collection":[{"href":"https:\/\/www.europesays.com\/de\/wp-json\/wp\/v2\/posts"}],"about":[{"href":"https:\/\/www.europesays.com\/de\/wp-json\/wp\/v2\/types\/post"}],"author":[{"embeddable":true,"href":"https:\/\/www.europesays.com\/de\/wp-json\/wp\/v2\/users\/2"}],"replies":[{"embeddable":true,"href":"https:\/\/www.europesays.com\/de\/wp-json\/wp\/v2\/comments?post=721011"}],"version-history":[{"count":0,"href":"https:\/\/www.europesays.com\/de\/wp-json\/wp\/v2\/posts\/721011\/revisions"}],"wp:featuredmedia":[{"embeddable":true,"href":"https:\/\/www.europesays.com\/de\/wp-json\/wp\/v2\/media\/721012"}],"wp:attachment":[{"href":"https:\/\/www.europesays.com\/de\/wp-json\/wp\/v2\/media?parent=721011"}],"wp:term":[{"taxonomy":"category","embeddable":true,"href":"https:\/\/www.europesays.com\/de\/wp-json\/wp\/v2\/categories?post=721011"},{"taxonomy":"post_tag","embeddable":true,"href":"https:\/\/www.europesays.com\/de\/wp-json\/wp\/v2\/tags?post=721011"}],"curies":[{"name":"wp","href":"https:\/\/api.w.org\/{rel}","templated":true}]}}