{"id":721102,"date":"2026-01-15T20:43:10","date_gmt":"2026-01-15T20:43:10","guid":{"rendered":"https:\/\/www.europesays.com\/de\/721102\/"},"modified":"2026-01-15T20:43:10","modified_gmt":"2026-01-15T20:43:10","slug":"ermittlungen-gegen-die-mutter-maedchen-7-stirbt-nach-sturz-aus-fenster-regional","status":"publish","type":"post","link":"https:\/\/www.europesays.com\/de\/721102\/","title":{"rendered":"Ermittlungen gegen die Mutter: M\u00e4dchen (7) stirbt nach Sturz aus Fenster | Regional"},"content":{"rendered":"<p>Halle (Sachsen-Anhalt) \u2013 <b>Wochenlang k\u00e4mpften \u00c4rzte um ihr Leben, jetzt ist es traurige Gewissheit: Ein siebenj\u00e4hriges M\u00e4dchen ist nach einem Fenstersturz in Halle gestorben.<\/b><\/p>\n<p>Wie die zust\u00e4ndige Staatsanwaltschaft in Sachsen-Anhalt der \u201eMitteldeutschen Zeitung\u201c best\u00e4tigte, erlag das Kind im Krankenhaus seinen schweren Verletzungen. Demnach wird nun gegen die Mutter wegen fahrl\u00e4ssiger T\u00f6tung ermittelt.<\/p>\n<p>Kind war allein in der Wohnung<\/p>\n<p>Die Siebenj\u00e4hrige war am 5. Dezember aus dem Fenster im dritten Stock eines Elfgeschossers in der Otto-Dix-Stra\u00dfe in <a href=\"https:\/\/www.bild.de\/regional\/halle\/home-QFfdMl57JCWZY1WqT2hu\" class=\"text-link\" target=\"_blank\" rel=\"noopener\">Halle<\/a> gefallen. Wie genau es zu dem <a href=\"https:\/\/www.bild.de\/themen\/ereignisse\/unfaelle\/auto-news-fotos-videos-17004002.bild.html\" class=\"text-link\" target=\"_blank\" rel=\"noopener\">Unfall<\/a> kommen konnte, ist bislang nicht bekannt. Aber: Das M\u00e4dchen soll zu diesem Zeitpunkt unbeaufsichtigt in der Wohnung gewesen sein. <\/p>\n<p>Laut dem Onlinemagazin \u201eDu bist Halle\u201c soll die Mutter die Wohnung verlassen haben, um ein anderes Kind zur Schule zu bringen. Die syrische Familie soll insgesamt f\u00fcnf Kinder haben. <\/p>\n<p>Mehr zum Thema<\/p>\n<p>\u201eWir gehen davon aus, dass die Mutter das Kind allein in der Wohnung gelassen hat\u201c, erkl\u00e4rte Oberstaatsanwalt Dennis Cernota gegen\u00fcber der Zeitung. Die Ermittlungen zu den genauen Umst\u00e4nden dauern an.<\/p>\n","protected":false},"excerpt":{"rendered":"Halle (Sachsen-Anhalt) \u2013 Wochenlang k\u00e4mpften \u00c4rzte um ihr Leben, jetzt ist es traurige Gewissheit: Ein siebenj\u00e4hriges M\u00e4dchen ist&hellip;\n","protected":false},"author":2,"featured_media":721103,"comment_status":"","ping_status":"","sticky":false,"template":"","format":"standard","meta":{"footnotes":""},"categories":[1860],"tags":[3364,29,6212,548,663,3934,36218,30,4062,17332,13,3860,14,15,17331,860,12,45,2624],"class_list":{"0":"post-721102","1":"post","2":"type-post","3":"status-publish","4":"format-standard","5":"has-post-thumbnail","7":"category-halle-saale","8":"tag-de","9":"tag-deutschland","10":"tag-ermittlungsverfahren","11":"tag-eu","12":"tag-europa","13":"tag-europe","14":"tag-fahrlaessige-toetung","15":"tag-germany","16":"tag-halle","17":"tag-halle-saale","18":"tag-headlines","19":"tag-maedchen","20":"tag-nachrichten","21":"tag-news","22":"tag-saale","23":"tag-sachsen-anhalt","24":"tag-schlagzeilen","25":"tag-texttospeech","26":"tag-unfaelle"},"share_on_mastodon":{"url":"https:\/\/pubeurope.com\/@de\/115901065063480693","error":""},"_links":{"self":[{"href":"https:\/\/www.europesays.com\/de\/wp-json\/wp\/v2\/posts\/721102","targetHints":{"allow":["GET"]}}],"collection":[{"href":"https:\/\/www.europesays.com\/de\/wp-json\/wp\/v2\/posts"}],"about":[{"href":"https:\/\/www.europesays.com\/de\/wp-json\/wp\/v2\/types\/post"}],"author":[{"embeddable":true,"href":"https:\/\/www.europesays.com\/de\/wp-json\/wp\/v2\/users\/2"}],"replies":[{"embeddable":true,"href":"https:\/\/www.europesays.com\/de\/wp-json\/wp\/v2\/comments?post=721102"}],"version-history":[{"count":0,"href":"https:\/\/www.europesays.com\/de\/wp-json\/wp\/v2\/posts\/721102\/revisions"}],"wp:featuredmedia":[{"embeddable":true,"href":"https:\/\/www.europesays.com\/de\/wp-json\/wp\/v2\/media\/721103"}],"wp:attachment":[{"href":"https:\/\/www.europesays.com\/de\/wp-json\/wp\/v2\/media?parent=721102"}],"wp:term":[{"taxonomy":"category","embeddable":true,"href":"https:\/\/www.europesays.com\/de\/wp-json\/wp\/v2\/categories?post=721102"},{"taxonomy":"post_tag","embeddable":true,"href":"https:\/\/www.europesays.com\/de\/wp-json\/wp\/v2\/tags?post=721102"}],"curies":[{"name":"wp","href":"https:\/\/api.w.org\/{rel}","templated":true}]}}