{"id":721329,"date":"2026-01-15T22:49:18","date_gmt":"2026-01-15T22:49:18","guid":{"rendered":"https:\/\/www.europesays.com\/de\/721329\/"},"modified":"2026-01-15T22:49:18","modified_gmt":"2026-01-15T22:49:18","slug":"sanierung-startet-januar-in-nette","status":"publish","type":"post","link":"https:\/\/www.europesays.com\/de\/721329\/","title":{"rendered":"Sanierung startet Januar in Nette"},"content":{"rendered":"<p>\t\tStadt Dortmund erneuert Fahrbahnen<br \/>\n\t\t\t\t\tN\u00e4chste Stra\u00dfenoffensive startet in Nette<\/p>\n<p>\t\t<img alt=\"\" src=\"https:\/\/www.europesays.com\/de\/wp-content\/uploads\/2025\/04\/630_0036_533460_.jpg\"  class=\"avatar avatar-36 photo avatar-default\" height=\"36\" width=\"36\" loading=\"eager\" decoding=\"async\"\/>\t\t<a class=\"article-author__name\" href=\"https:\/\/www.ruhrnachrichten.de\/author\/uwe-von-schirp\/\" rel=\"author nofollow noopener\" target=\"_blank\">Uwe von Schirp<\/a><br \/>\n\t\tRedakteur<\/p>\n<p>    <a href=\"https:\/\/www.ruhrnachrichten.de\/wp-content\/uploads\/2026\/01\/15\/16\/630_0900_5621604_-1648x824.jpg\" rel=\"nofollow noopener\" target=\"_blank\"><\/p>\n<p>            <img decoding=\"async\" fetchpriority=\"high\" src=\"https:\/\/www.europesays.com\/de\/wp-content\/uploads\/2026\/01\/630_0900_5620979_-640x428.jpg\" width=\"640\" height=\"428\"  alt=\"\"\/><\/p>\n<p>    <\/a><br \/>\n    Die Stra\u00dfenoffensive der Stadt Dortmund geht in Nette weiter. Unter anderem im Ristweg und auf einem St\u00fcck der Waterloostra\u00dfe wird die Fahrbahn saniert. \u00a9 Natascha Jaschinski (Archiv)<\/p>\n<p class=\"article__teaser-text\">Glatter Asphalt statt Schlagl\u00f6cher: Die Stra\u00dfenoffensive der Stadt kommt im Januar nach Nette. Anwohner m\u00fcssen bis April mit Vollsperrungen rechnen.<\/p>\n<p>1 Min Lesezeit<\/p>\n<p>Die Stadt Dortmund setzt ihre Stra\u00dfenoffensive in Dortmund-Nette fort. Ab voraussichtlich Montag (19.1.2026) starten die Sanierungsarbeiten in der Paul-Fleming-Stra\u00dfe. Auf rund 225 Metern wird dort die Fahrbahn erneuert und von Schlagl\u00f6chern befreit.<\/p>\n<p>Anschlie\u00dfend wandert die beauftragte Baufirma weiter in den benachbarten Ristweg. Ab dem 9. Februar soll dort die Asphaltdecke auf kompletter L\u00e4nge erneuert werden. Ab dem 23. Februar folgen Arbeiten am Weckerlinweg. Den Abschluss bildet die Waterloostra\u00dfe in H\u00f6he der Hausnummer 22, wo rund 340 Quadratmeter Asphalt saniert werden.<\/p>\n<p>Fragestunde des Tiefbauamts<\/p>\n<p>Die Arbeiten erfolgen jeweils unter Vollsperrung der betroffenen Stra\u00dfen. Neben der Fahrbahn erneuert die Baufirma punktuell auch die Gehwege. Zudem sind barrierefreie \u00dcberwege geplant. Ebenfalls im Arbeitsprogramm stehen die Anpassung von Gullys sowie die Deckel der Kontrollsch\u00e4chte.<\/p>\n<p>Wie die Pressestelle der Stadt mitteilt, sollen alle Ma\u00dfnahmen bis Mitte April abgeschlossen sein.<\/p>\n<p>F\u00fcr Fragen stehen Mitarbeitende des Tiefbauamts den Anwohnenden am Freitag (16.1.), von 15 bis 17 Uhr in der Albert-Schweitzer-Realschule an der D\u00f6rwerstra\u00dfe 42 zur Verf\u00fcgung.<\/p>\n","protected":false},"excerpt":{"rendered":"Stadt Dortmund erneuert Fahrbahnen N\u00e4chste Stra\u00dfenoffensive startet in Nette Uwe von Schirp Redakteur Die Stra\u00dfenoffensive der Stadt Dortmund&hellip;\n","protected":false},"author":2,"featured_media":721330,"comment_status":"","ping_status":"","sticky":false,"template":"","format":"standard","meta":{"footnotes":"","_share_on_mastodon":"0"},"categories":[1833],"tags":[3364,29,217,30,1209,122492,3587],"class_list":["post-721329","post","type-post","status-publish","format-standard","has-post-thumbnail","category-dortmund","tag-de","tag-deutschland","tag-dortmund","tag-germany","tag-nordrhein-westfalen","tag-sanierungsprogramm","tag-verkehr-mobilitaet"],"share_on_mastodon":{"url":"https:\/\/pubeurope.com\/@de\/115901560610218915","error":""},"_links":{"self":[{"href":"https:\/\/www.europesays.com\/de\/wp-json\/wp\/v2\/posts\/721329","targetHints":{"allow":["GET"]}}],"collection":[{"href":"https:\/\/www.europesays.com\/de\/wp-json\/wp\/v2\/posts"}],"about":[{"href":"https:\/\/www.europesays.com\/de\/wp-json\/wp\/v2\/types\/post"}],"author":[{"embeddable":true,"href":"https:\/\/www.europesays.com\/de\/wp-json\/wp\/v2\/users\/2"}],"replies":[{"embeddable":true,"href":"https:\/\/www.europesays.com\/de\/wp-json\/wp\/v2\/comments?post=721329"}],"version-history":[{"count":0,"href":"https:\/\/www.europesays.com\/de\/wp-json\/wp\/v2\/posts\/721329\/revisions"}],"wp:featuredmedia":[{"embeddable":true,"href":"https:\/\/www.europesays.com\/de\/wp-json\/wp\/v2\/media\/721330"}],"wp:attachment":[{"href":"https:\/\/www.europesays.com\/de\/wp-json\/wp\/v2\/media?parent=721329"}],"wp:term":[{"taxonomy":"category","embeddable":true,"href":"https:\/\/www.europesays.com\/de\/wp-json\/wp\/v2\/categories?post=721329"},{"taxonomy":"post_tag","embeddable":true,"href":"https:\/\/www.europesays.com\/de\/wp-json\/wp\/v2\/tags?post=721329"}],"curies":[{"name":"wp","href":"https:\/\/api.w.org\/{rel}","templated":true}]}}